{"id":5560,"date":"2025-12-10T12:18:17","date_gmt":"2025-12-10T11:18:17","guid":{"rendered":"https:\/\/www.voelkel-re.de\/le-kauf-park-goettingen-renouvelle-son-parrainage-darbre\/"},"modified":"2025-12-10T12:26:46","modified_gmt":"2025-12-10T11:26:46","slug":"le-kauf-park-goettingen-renouvelle-son-parrainage-darbre","status":"publish","type":"post","link":"https:\/\/www.voelkel-re.de\/fr\/le-kauf-park-goettingen-renouvelle-son-parrainage-darbre\/","title":{"rendered":"Le Kauf Park G\u00f6ttingen renouvelle son parrainage d\u2019arbre"},"content":{"rendered":"\n<p>Pour la deuxi\u00e8me fois, le Kauf Park G\u00f6ttingen prend en charge un parrainage d\u2019arbre dans le cadre de l\u2019op\u00e9ration de plantation d\u2019arbres men\u00e9e par le G\u00f6ttinger Tageblatt.<\/p>\n\n<p>Sur la parcelle foresti\u00e8re d\u2019environ un hectare situ\u00e9e dans le Leinholz, au-dessus de Mollenfelde et du ch\u00e2teau de Berlepsch, jusqu\u2019\u00e0 6 000 ch\u00eanes doivent \u00eatre plant\u00e9s.<\/p>\n\n<p>Aux c\u00f4t\u00e9s d\u2019autres entreprises locales, l\u2019\u00e9quipe de V\u00d6LKEL a pris en charge la premi\u00e8re zone de plantation, comprenant environ 1 000 ch\u00eanes sessiles.<\/p>\n\n<p>Le directeur du centre, Nico Seidel, la directrice adjointe, Helen Bachmann, et l\u2019assistante Bianca G\u00f6ttert ont saisi leurs b\u00eaches et ont pass\u00e9 pr\u00e8s de 90 minutes \u00e0 planter assid\u00fbment un ch\u00eane apr\u00e8s l\u2019autre.<\/p>\n\n<p>La parcelle foresti\u00e8re, situ\u00e9e \u00e0 proximit\u00e9 imm\u00e9diate de la fronti\u00e8re hessoise, est en cours de transformation en une for\u00eat feuillue r\u00e9sistante au climat gr\u00e2ce \u00e0 la plantation cibl\u00e9e de ch\u00eanes sessiles. Ces arbres sont particuli\u00e8rement adapt\u00e9s pour prosp\u00e9rer malgr\u00e9 l\u2019\u00e9volution des conditions climatiques, car ils sont flexibles et r\u00e9sistants aux p\u00e9riodes de s\u00e9cheresse et aux \u00e9t\u00e9s chauds. \u00c0 l\u2019\u00e9poque du changement climatique, il s\u2019agit d\u2019un facteur essentiel pour favoriser la biodiversit\u00e9 et stabiliser durablement l\u2019environnement.  <\/p>\n\n<p>\u00ab En tant qu\u2019exploitant du Kauf Park G\u00f6ttingen, nous accordons une grande importance \u00e0 une gestion durable et \u00e0 la protection de l\u2019environnement. Le parrainage d\u2019arbre constitue une nouvelle \u00e9tape importante dans notre engagement pour un rapport responsable \u00e0 la nature et pour le soutien \u00e0 des projets ayant un impact positif et durable sur notre climat \u00bb, explique Nico Seidel, directeur du centre V\u00d6LKEL au Kauf Park.<br\/> <br\/> <br\/> <br\/><\/p>\n","protected":false},"excerpt":{"rendered":"<p>Pour la deuxi\u00e8me fois, le Kauf Park G\u00f6ttingen prend en charge un parrainage d\u2019arbre dans le cadre de l\u2019op\u00e9ration de plantation d\u2019arbres men\u00e9e par le G\u00f6ttinger Tageblatt. Sur la parcelle foresti\u00e8re d\u2019environ un hectare situ\u00e9e dans le Leinholz, au-dessus de Mollenfelde et du ch\u00e2teau de Berlepsch, jusqu\u2019\u00e0 6 000 ch\u00eanes doivent \u00eatre plant\u00e9s. Aux c\u00f4t\u00e9s [&hellip;]<\/p>\n","protected":false},"author":4,"featured_media":5556,"comment_status":"closed","ping_status":"closed","sticky":false,"template":"","format":"standard","meta":{"_acf_changed":false,"footnotes":""},"categories":[30],"tags":[],"class_list":["post-5560","post","type-post","status-publish","format-standard","has-post-thumbnail","hentry","category-non-classifiee"],"acf":[],"yoast_head":"<!-- This site is optimized with the Yoast SEO plugin v27.5 - https:\/\/yoast.com\/product\/yoast-seo-wordpress\/ -->\n<title>Le Kauf Park G\u00f6ttingen renouvelle son parrainage d\u2019arbre - V\u00d6LKEL Real Estate | Hamburg<\/title>\n<meta name=\"robots\" content=\"index, follow, max-snippet:-1, max-image-preview:large, max-video-preview:-1\" \/>\n<link rel=\"canonical\" href=\"https:\/\/www.voelkel-re.de\/fr\/le-kauf-park-goettingen-renouvelle-son-parrainage-darbre\/\" \/>\n<meta property=\"og:locale\" content=\"fr_FR\" \/>\n<meta property=\"og:type\" content=\"article\" \/>\n<meta property=\"og:title\" content=\"Le Kauf Park G\u00f6ttingen renouvelle son parrainage d\u2019arbre - V\u00d6LKEL Real Estate | Hamburg\" \/>\n<meta property=\"og:description\" content=\"Pour la deuxi\u00e8me fois, le Kauf Park G\u00f6ttingen prend en charge un parrainage d\u2019arbre dans le cadre de l\u2019op\u00e9ration de plantation d\u2019arbres men\u00e9e par le G\u00f6ttinger Tageblatt. Sur la parcelle foresti\u00e8re d\u2019environ un hectare situ\u00e9e dans le Leinholz, au-dessus de Mollenfelde et du ch\u00e2teau de Berlepsch, jusqu\u2019\u00e0 6 000 ch\u00eanes doivent \u00eatre plant\u00e9s. Aux c\u00f4t\u00e9s [&hellip;]\" \/>\n<meta property=\"og:url\" content=\"https:\/\/www.voelkel-re.de\/fr\/le-kauf-park-goettingen-renouvelle-son-parrainage-darbre\/\" \/>\n<meta property=\"og:site_name\" content=\"V\u00d6LKEL Real Estate | Hamburg\" \/>\n<meta property=\"article:published_time\" content=\"2025-12-10T11:18:17+00:00\" \/>\n<meta property=\"article:modified_time\" content=\"2025-12-10T11:26:46+00:00\" \/>\n<meta property=\"og:image\" content=\"https:\/\/www.voelkel-re.de\/wp-content\/uploads\/251208_Foto_Baumpflanzevent-scaled.jpg\" \/>\n\t<meta property=\"og:image:width\" content=\"1536\" \/>\n\t<meta property=\"og:image:height\" content=\"2048\" \/>\n\t<meta property=\"og:image:type\" content=\"image\/jpeg\" \/>\n<meta name=\"author\" content=\"office@voelkel-re.de\" \/>\n<meta name=\"twitter:card\" content=\"summary_large_image\" \/>\n<meta name=\"twitter:label1\" content=\"\u00c9crit par\" \/>\n\t<meta name=\"twitter:data1\" content=\"office@voelkel-re.de\" \/>\n\t<meta name=\"twitter:label2\" content=\"Dur\u00e9e de lecture estim\u00e9e\" \/>\n\t<meta name=\"twitter:data2\" content=\"1 minute\" \/>\n<script type=\"application\/ld+json\" class=\"yoast-schema-graph\">{\"@context\":\"https:\\\/\\\/schema.org\",\"@graph\":[{\"@type\":\"Article\",\"@id\":\"https:\\\/\\\/www.voelkel-re.de\\\/fr\\\/le-kauf-park-goettingen-renouvelle-son-parrainage-darbre\\\/#article\",\"isPartOf\":{\"@id\":\"https:\\\/\\\/www.voelkel-re.de\\\/fr\\\/le-kauf-park-goettingen-renouvelle-son-parrainage-darbre\\\/\"},\"author\":{\"name\":\"office@voelkel-re.de\",\"@id\":\"https:\\\/\\\/www.voelkel-re.de\\\/#\\\/schema\\\/person\\\/f5b8fbc369b1342588b6105161cb7456\"},\"headline\":\"Le Kauf Park G\u00f6ttingen renouvelle son parrainage d\u2019arbre\",\"datePublished\":\"2025-12-10T11:18:17+00:00\",\"dateModified\":\"2025-12-10T11:26:46+00:00\",\"mainEntityOfPage\":{\"@id\":\"https:\\\/\\\/www.voelkel-re.de\\\/fr\\\/le-kauf-park-goettingen-renouvelle-son-parrainage-darbre\\\/\"},\"wordCount\":302,\"publisher\":{\"@id\":\"https:\\\/\\\/www.voelkel-re.de\\\/#organization\"},\"image\":{\"@id\":\"https:\\\/\\\/www.voelkel-re.de\\\/fr\\\/le-kauf-park-goettingen-renouvelle-son-parrainage-darbre\\\/#primaryimage\"},\"thumbnailUrl\":\"https:\\\/\\\/www.voelkel-re.de\\\/wp-content\\\/uploads\\\/251208_Foto_Baumpflanzevent-scaled.jpg\",\"articleSection\":[\"Non classifi\u00e9(e)\"],\"inLanguage\":\"fr-FR\"},{\"@type\":\"WebPage\",\"@id\":\"https:\\\/\\\/www.voelkel-re.de\\\/fr\\\/le-kauf-park-goettingen-renouvelle-son-parrainage-darbre\\\/\",\"url\":\"https:\\\/\\\/www.voelkel-re.de\\\/fr\\\/le-kauf-park-goettingen-renouvelle-son-parrainage-darbre\\\/\",\"name\":\"Le Kauf Park G\u00f6ttingen renouvelle son parrainage d\u2019arbre - V\u00d6LKEL Real Estate | Hamburg\",\"isPartOf\":{\"@id\":\"https:\\\/\\\/www.voelkel-re.de\\\/#website\"},\"primaryImageOfPage\":{\"@id\":\"https:\\\/\\\/www.voelkel-re.de\\\/fr\\\/le-kauf-park-goettingen-renouvelle-son-parrainage-darbre\\\/#primaryimage\"},\"image\":{\"@id\":\"https:\\\/\\\/www.voelkel-re.de\\\/fr\\\/le-kauf-park-goettingen-renouvelle-son-parrainage-darbre\\\/#primaryimage\"},\"thumbnailUrl\":\"https:\\\/\\\/www.voelkel-re.de\\\/wp-content\\\/uploads\\\/251208_Foto_Baumpflanzevent-scaled.jpg\",\"datePublished\":\"2025-12-10T11:18:17+00:00\",\"dateModified\":\"2025-12-10T11:26:46+00:00\",\"breadcrumb\":{\"@id\":\"https:\\\/\\\/www.voelkel-re.de\\\/fr\\\/le-kauf-park-goettingen-renouvelle-son-parrainage-darbre\\\/#breadcrumb\"},\"inLanguage\":\"fr-FR\",\"potentialAction\":[{\"@type\":\"ReadAction\",\"target\":[\"https:\\\/\\\/www.voelkel-re.de\\\/fr\\\/le-kauf-park-goettingen-renouvelle-son-parrainage-darbre\\\/\"]}]},{\"@type\":\"ImageObject\",\"inLanguage\":\"fr-FR\",\"@id\":\"https:\\\/\\\/www.voelkel-re.de\\\/fr\\\/le-kauf-park-goettingen-renouvelle-son-parrainage-darbre\\\/#primaryimage\",\"url\":\"https:\\\/\\\/www.voelkel-re.de\\\/wp-content\\\/uploads\\\/251208_Foto_Baumpflanzevent-scaled.jpg\",\"contentUrl\":\"https:\\\/\\\/www.voelkel-re.de\\\/wp-content\\\/uploads\\\/251208_Foto_Baumpflanzevent-scaled.jpg\",\"width\":1536,\"height\":2048,\"caption\":\"Das V\u00d6LKEL Team im KPG beim Baumpflanz-Event\"},{\"@type\":\"BreadcrumbList\",\"@id\":\"https:\\\/\\\/www.voelkel-re.de\\\/fr\\\/le-kauf-park-goettingen-renouvelle-son-parrainage-darbre\\\/#breadcrumb\",\"itemListElement\":[{\"@type\":\"ListItem\",\"position\":1,\"name\":\"Startseite\",\"item\":\"https:\\\/\\\/www.voelkel-re.de\\\/fr\\\/\"},{\"@type\":\"ListItem\",\"position\":2,\"name\":\"Le Kauf Park G\u00f6ttingen renouvelle son parrainage d\u2019arbre\"}]},{\"@type\":\"WebSite\",\"@id\":\"https:\\\/\\\/www.voelkel-re.de\\\/#website\",\"url\":\"https:\\\/\\\/www.voelkel-re.de\\\/\",\"name\":\"V\u00d6LKEL Real Estate | Hamburg\",\"description\":\"Immobiliendienstleistungen f\u00fcr Handels- und Gewerbeimmobilien\",\"publisher\":{\"@id\":\"https:\\\/\\\/www.voelkel-re.de\\\/#organization\"},\"potentialAction\":[{\"@type\":\"SearchAction\",\"target\":{\"@type\":\"EntryPoint\",\"urlTemplate\":\"https:\\\/\\\/www.voelkel-re.de\\\/?s={search_term_string}\"},\"query-input\":{\"@type\":\"PropertyValueSpecification\",\"valueRequired\":true,\"valueName\":\"search_term_string\"}}],\"inLanguage\":\"fr-FR\"},{\"@type\":\"Organization\",\"@id\":\"https:\\\/\\\/www.voelkel-re.de\\\/#organization\",\"name\":\"V\u00d6LKEL Real Estate | Hamburg\",\"url\":\"https:\\\/\\\/www.voelkel-re.de\\\/\",\"logo\":{\"@type\":\"ImageObject\",\"inLanguage\":\"fr-FR\",\"@id\":\"https:\\\/\\\/www.voelkel-re.de\\\/#\\\/schema\\\/logo\\\/image\\\/\",\"url\":\"https:\\\/\\\/www.voelkel-re.de\\\/wp-content\\\/uploads\\\/VOELKEL-Logo.jpg\",\"contentUrl\":\"https:\\\/\\\/www.voelkel-re.de\\\/wp-content\\\/uploads\\\/VOELKEL-Logo.jpg\",\"width\":1600,\"height\":900,\"caption\":\"V\u00d6LKEL Real Estate | Hamburg\"},\"image\":{\"@id\":\"https:\\\/\\\/www.voelkel-re.de\\\/#\\\/schema\\\/logo\\\/image\\\/\"},\"sameAs\":[\"https:\\\/\\\/de.linkedin.com\\\/company\\\/voelkel-real-estate\"]},{\"@type\":\"Person\",\"@id\":\"https:\\\/\\\/www.voelkel-re.de\\\/#\\\/schema\\\/person\\\/f5b8fbc369b1342588b6105161cb7456\",\"name\":\"office@voelkel-re.de\",\"url\":\"https:\\\/\\\/www.voelkel-re.de\\\/fr\\\/author\\\/officevoelkel-re-de\\\/\"}]}<\/script>\n<!-- \/ Yoast SEO plugin. -->","yoast_head_json":{"title":"Le Kauf Park G\u00f6ttingen renouvelle son parrainage d\u2019arbre - V\u00d6LKEL Real Estate | Hamburg","robots":{"index":"index","follow":"follow","max-snippet":"max-snippet:-1","max-image-preview":"max-image-preview:large","max-video-preview":"max-video-preview:-1"},"canonical":"https:\/\/www.voelkel-re.de\/fr\/le-kauf-park-goettingen-renouvelle-son-parrainage-darbre\/","og_locale":"fr_FR","og_type":"article","og_title":"Le Kauf Park G\u00f6ttingen renouvelle son parrainage d\u2019arbre - V\u00d6LKEL Real Estate | Hamburg","og_description":"Pour la deuxi\u00e8me fois, le Kauf Park G\u00f6ttingen prend en charge un parrainage d\u2019arbre dans le cadre de l\u2019op\u00e9ration de plantation d\u2019arbres men\u00e9e par le G\u00f6ttinger Tageblatt. Sur la parcelle foresti\u00e8re d\u2019environ un hectare situ\u00e9e dans le Leinholz, au-dessus de Mollenfelde et du ch\u00e2teau de Berlepsch, jusqu\u2019\u00e0 6 000 ch\u00eanes doivent \u00eatre plant\u00e9s. Aux c\u00f4t\u00e9s [&hellip;]","og_url":"https:\/\/www.voelkel-re.de\/fr\/le-kauf-park-goettingen-renouvelle-son-parrainage-darbre\/","og_site_name":"V\u00d6LKEL Real Estate | Hamburg","article_published_time":"2025-12-10T11:18:17+00:00","article_modified_time":"2025-12-10T11:26:46+00:00","og_image":[{"width":1536,"height":2048,"url":"https:\/\/www.voelkel-re.de\/wp-content\/uploads\/251208_Foto_Baumpflanzevent-scaled.jpg","type":"image\/jpeg"}],"author":"office@voelkel-re.de","twitter_card":"summary_large_image","twitter_misc":{"\u00c9crit par":"office@voelkel-re.de","Dur\u00e9e de lecture estim\u00e9e":"1 minute"},"schema":{"@context":"https:\/\/schema.org","@graph":[{"@type":"Article","@id":"https:\/\/www.voelkel-re.de\/fr\/le-kauf-park-goettingen-renouvelle-son-parrainage-darbre\/#article","isPartOf":{"@id":"https:\/\/www.voelkel-re.de\/fr\/le-kauf-park-goettingen-renouvelle-son-parrainage-darbre\/"},"author":{"name":"office@voelkel-re.de","@id":"https:\/\/www.voelkel-re.de\/#\/schema\/person\/f5b8fbc369b1342588b6105161cb7456"},"headline":"Le Kauf Park G\u00f6ttingen renouvelle son parrainage d\u2019arbre","datePublished":"2025-12-10T11:18:17+00:00","dateModified":"2025-12-10T11:26:46+00:00","mainEntityOfPage":{"@id":"https:\/\/www.voelkel-re.de\/fr\/le-kauf-park-goettingen-renouvelle-son-parrainage-darbre\/"},"wordCount":302,"publisher":{"@id":"https:\/\/www.voelkel-re.de\/#organization"},"image":{"@id":"https:\/\/www.voelkel-re.de\/fr\/le-kauf-park-goettingen-renouvelle-son-parrainage-darbre\/#primaryimage"},"thumbnailUrl":"https:\/\/www.voelkel-re.de\/wp-content\/uploads\/251208_Foto_Baumpflanzevent-scaled.jpg","articleSection":["Non classifi\u00e9(e)"],"inLanguage":"fr-FR"},{"@type":"WebPage","@id":"https:\/\/www.voelkel-re.de\/fr\/le-kauf-park-goettingen-renouvelle-son-parrainage-darbre\/","url":"https:\/\/www.voelkel-re.de\/fr\/le-kauf-park-goettingen-renouvelle-son-parrainage-darbre\/","name":"Le Kauf Park G\u00f6ttingen renouvelle son parrainage d\u2019arbre - V\u00d6LKEL Real Estate | Hamburg","isPartOf":{"@id":"https:\/\/www.voelkel-re.de\/#website"},"primaryImageOfPage":{"@id":"https:\/\/www.voelkel-re.de\/fr\/le-kauf-park-goettingen-renouvelle-son-parrainage-darbre\/#primaryimage"},"image":{"@id":"https:\/\/www.voelkel-re.de\/fr\/le-kauf-park-goettingen-renouvelle-son-parrainage-darbre\/#primaryimage"},"thumbnailUrl":"https:\/\/www.voelkel-re.de\/wp-content\/uploads\/251208_Foto_Baumpflanzevent-scaled.jpg","datePublished":"2025-12-10T11:18:17+00:00","dateModified":"2025-12-10T11:26:46+00:00","breadcrumb":{"@id":"https:\/\/www.voelkel-re.de\/fr\/le-kauf-park-goettingen-renouvelle-son-parrainage-darbre\/#breadcrumb"},"inLanguage":"fr-FR","potentialAction":[{"@type":"ReadAction","target":["https:\/\/www.voelkel-re.de\/fr\/le-kauf-park-goettingen-renouvelle-son-parrainage-darbre\/"]}]},{"@type":"ImageObject","inLanguage":"fr-FR","@id":"https:\/\/www.voelkel-re.de\/fr\/le-kauf-park-goettingen-renouvelle-son-parrainage-darbre\/#primaryimage","url":"https:\/\/www.voelkel-re.de\/wp-content\/uploads\/251208_Foto_Baumpflanzevent-scaled.jpg","contentUrl":"https:\/\/www.voelkel-re.de\/wp-content\/uploads\/251208_Foto_Baumpflanzevent-scaled.jpg","width":1536,"height":2048,"caption":"Das V\u00d6LKEL Team im KPG beim Baumpflanz-Event"},{"@type":"BreadcrumbList","@id":"https:\/\/www.voelkel-re.de\/fr\/le-kauf-park-goettingen-renouvelle-son-parrainage-darbre\/#breadcrumb","itemListElement":[{"@type":"ListItem","position":1,"name":"Startseite","item":"https:\/\/www.voelkel-re.de\/fr\/"},{"@type":"ListItem","position":2,"name":"Le Kauf Park G\u00f6ttingen renouvelle son parrainage d\u2019arbre"}]},{"@type":"WebSite","@id":"https:\/\/www.voelkel-re.de\/#website","url":"https:\/\/www.voelkel-re.de\/","name":"V\u00d6LKEL Real Estate | Hamburg","description":"Immobiliendienstleistungen f\u00fcr Handels- und Gewerbeimmobilien","publisher":{"@id":"https:\/\/www.voelkel-re.de\/#organization"},"potentialAction":[{"@type":"SearchAction","target":{"@type":"EntryPoint","urlTemplate":"https:\/\/www.voelkel-re.de\/?s={search_term_string}"},"query-input":{"@type":"PropertyValueSpecification","valueRequired":true,"valueName":"search_term_string"}}],"inLanguage":"fr-FR"},{"@type":"Organization","@id":"https:\/\/www.voelkel-re.de\/#organization","name":"V\u00d6LKEL Real Estate | Hamburg","url":"https:\/\/www.voelkel-re.de\/","logo":{"@type":"ImageObject","inLanguage":"fr-FR","@id":"https:\/\/www.voelkel-re.de\/#\/schema\/logo\/image\/","url":"https:\/\/www.voelkel-re.de\/wp-content\/uploads\/VOELKEL-Logo.jpg","contentUrl":"https:\/\/www.voelkel-re.de\/wp-content\/uploads\/VOELKEL-Logo.jpg","width":1600,"height":900,"caption":"V\u00d6LKEL Real Estate | Hamburg"},"image":{"@id":"https:\/\/www.voelkel-re.de\/#\/schema\/logo\/image\/"},"sameAs":["https:\/\/de.linkedin.com\/company\/voelkel-real-estate"]},{"@type":"Person","@id":"https:\/\/www.voelkel-re.de\/#\/schema\/person\/f5b8fbc369b1342588b6105161cb7456","name":"office@voelkel-re.de","url":"https:\/\/www.voelkel-re.de\/fr\/author\/officevoelkel-re-de\/"}]}},"_links":{"self":[{"href":"https:\/\/www.voelkel-re.de\/fr\/wp-json\/wp\/v2\/posts\/5560","targetHints":{"allow":["GET"]}}],"collection":[{"href":"https:\/\/www.voelkel-re.de\/fr\/wp-json\/wp\/v2\/posts"}],"about":[{"href":"https:\/\/www.voelkel-re.de\/fr\/wp-json\/wp\/v2\/types\/post"}],"author":[{"embeddable":true,"href":"https:\/\/www.voelkel-re.de\/fr\/wp-json\/wp\/v2\/users\/4"}],"replies":[{"embeddable":true,"href":"https:\/\/www.voelkel-re.de\/fr\/wp-json\/wp\/v2\/comments?post=5560"}],"version-history":[{"count":1,"href":"https:\/\/www.voelkel-re.de\/fr\/wp-json\/wp\/v2\/posts\/5560\/revisions"}],"predecessor-version":[{"id":5561,"href":"https:\/\/www.voelkel-re.de\/fr\/wp-json\/wp\/v2\/posts\/5560\/revisions\/5561"}],"wp:featuredmedia":[{"embeddable":true,"href":"https:\/\/www.voelkel-re.de\/fr\/wp-json\/wp\/v2\/media\/5556"}],"wp:attachment":[{"href":"https:\/\/www.voelkel-re.de\/fr\/wp-json\/wp\/v2\/media?parent=5560"}],"wp:term":[{"taxonomy":"category","embeddable":true,"href":"https:\/\/www.voelkel-re.de\/fr\/wp-json\/wp\/v2\/categories?post=5560"},{"taxonomy":"post_tag","embeddable":true,"href":"https:\/\/www.voelkel-re.de\/fr\/wp-json\/wp\/v2\/tags?post=5560"}],"curies":[{"name":"wp","href":"https:\/\/api.w.org\/{rel}","templated":true}]}}