{"id":4948,"date":"2024-10-15T16:52:29","date_gmt":"2024-10-15T14:52:29","guid":{"rendered":"https:\/\/www.voelkel-re.de\/voelkel-et-imtargis-concluent-un-partenariat-strategique-pour-le-developpement-et-la-mise-en-oeuvre-de-strategies-globales-de-gestion-dactifs-pour-limmobilier-commercial\/"},"modified":"2024-10-16T10:55:45","modified_gmt":"2024-10-16T08:55:45","slug":"voelkel-et-imtargis-concluent-un-partenariat-strategique-pour-le-developpement-et-la-mise-en-oeuvre-de-strategies-globales-de-gestion-dactifs-pour-limmobilier-commercial","status":"publish","type":"post","link":"https:\/\/www.voelkel-re.de\/fr\/voelkel-et-imtargis-concluent-un-partenariat-strategique-pour-le-developpement-et-la-mise-en-oeuvre-de-strategies-globales-de-gestion-dactifs-pour-limmobilier-commercial\/","title":{"rendered":"V\u00f6lkel et imtargis concluent un partenariat strat\u00e9gique pour le d\u00e9veloppement et la mise en \u0153uvre de strat\u00e9gies globales de gestion d&#8217;actifs pour l&#8217;immobilier commercial"},"content":{"rendered":"\n<p>Ensemble, les deux entreprises d\u00e9veloppent des strat\u00e9gies globales de gestion d&#8217;actifs pour tous les types d&#8217;immobilier commercial.  <strong>Pour que l&#8217;immobilier commercial ait le plus grand succ\u00e8s possible, toutes les perspectives de march\u00e9 &#8211; l&#8217;objet, l&#8217;investisseur et le client &#8211; sont prises en compte de mani\u00e8re \u00e9quivalente.<\/strong><\/p>\n\n<p>L&#8217;analyse approfondie des enqu\u00eates actuelles men\u00e9es par imtargis GmbH aupr\u00e8s des clients des centres commerciaux et des march\u00e9s sp\u00e9cialis\u00e9s allemands montre que les attentes et les exigences des clients en mati\u00e8re de shopping continuent d&#8217;augmenter. Les achats d&#8217;approvisionnement classiques peuvent \u00eatre effectu\u00e9s en ligne. Dans le commerce stationnaire, la qualit\u00e9 du s\u00e9jour, les \u00e9v\u00e9nements sp\u00e9cifiques aux clients cibles et une atmosph\u00e8re accueillante continuent de gagner en importance. Les<strong>facteurs &#8220;feel good<\/strong>&#8221; contribuent ainsi de mani\u00e8re d\u00e9cisive \u00e0 l&#8217;intensit\u00e9 de la visite des clients. Alors que les magasins vides ou &#8220;barricad\u00e9s&#8221; nuisent consid\u00e9rablement \u00e0 l&#8217;exp\u00e9rience d&#8217;achat, car ils perturbent l&#8217;atmosph\u00e8re et se traduisent souvent par une baisse de la fr\u00e9quentation. Pour \u00e9viter cela, il est essentiel de <strong>r\u00e9utiliser avec succ\u00e8s<\/strong> les espaces commerciaux vacants et de <strong>bien positionner<\/strong> le bien.     <\/p>\n\n<p><strong><em>Mais pourquoi de nombreux centres commerciaux et centres sp\u00e9cialis\u00e9s ont-ils tant de mal \u00e0 r\u00e9utiliser efficacement et avec succ\u00e8s les espaces libres ?<\/em><\/strong><\/p>\n\n<p>Les enqu\u00eates d&#8217;imtargis, une entreprise sp\u00e9cialis\u00e9e dans l&#8217;analyse globale des biens immobiliers \u00e0 usage commercial, montrent qu&#8217;il est n\u00e9cessaire d&#8217;examiner en profondeur les surfaces et les gammes de produits disponibles. Outre un examen concret de la disponibilit\u00e9 des surfaces et des contrats de location existants ainsi que de leur dur\u00e9e, cela comprend \u00e9galement l&#8217;\u00e9valuation de l&#8217;\u00e9tat de la construction des surfaces ainsi que le positionnement concret des locataires &#8211; du segment discount au segment de luxe. <\/p>\n\n<p>Gr\u00e2ce \u00e0 une analyse d\u00e9taill\u00e9e des surfaces existantes ainsi que de la structure des locataires et des clients, des approches d\u00e9cisives peuvent \u00eatre donn\u00e9es pour une r\u00e9utilisation ou une reconversion r\u00e9ussie. En se basant sur les r\u00e9sultats des contr\u00f4les de surfaces et des enqu\u00eates aupr\u00e8s des clients, imtargis peut d\u00e9duire dans quels segments de vente au d\u00e9tail ou d&#8217;utilisation mixte la meilleure relocation des surfaces locatives vacantes est possible de mani\u00e8re r\u00e9aliste et durable. <\/p>\n\n<p>Sur la base de ces donn\u00e9es, V\u00d6LKEL Real Estate GmbH, l&#8217;un des principaux prestataires de services immobiliers en Allemagne, analyse le potentiel des biens immobiliers et \u00e9labore sur cette base des strat\u00e9gies de gestion d&#8217;actifs fiables et r\u00e9alisables.  <\/p>\n\n<p>Apr\u00e8s avoir \u00e9valu\u00e9 les alternatives, v\u00e9rifi\u00e9 la durabilit\u00e9 et examin\u00e9 le financement, nous recommandons clairement une action qui s&#8217;oriente vers les objectifs individuels de l&#8217;investisseur. Pour les t\u00e2ches complexes, V\u00d6LKEL fait preuve de comp\u00e9tence en proposant des solutions cr\u00e9atives et non conventionnelles. <\/p>\n","protected":false},"excerpt":{"rendered":"<p>Ensemble, les deux entreprises d\u00e9veloppent des strat\u00e9gies globales de gestion d&#8217;actifs pour tous les types d&#8217;immobilier commercial. Pour que l&#8217;immobilier commercial ait le plus grand succ\u00e8s possible, toutes les perspectives de march\u00e9 &#8211; l&#8217;objet, l&#8217;investisseur et le client &#8211; sont prises en compte de mani\u00e8re \u00e9quivalente. L&#8217;analyse approfondie des enqu\u00eates actuelles men\u00e9es par imtargis GmbH [&hellip;]<\/p>\n","protected":false},"author":4,"featured_media":4945,"comment_status":"closed","ping_status":"closed","sticky":false,"template":"","format":"standard","meta":{"_acf_changed":false,"footnotes":""},"categories":[30],"tags":[85,81],"class_list":["post-4948","post","type-post","status-publish","format-standard","has-post-thumbnail","hentry","category-non-classifiee","tag-succes-de-la-location","tag-vermietungserfolg"],"acf":[],"yoast_head":"<!-- This site is optimized with the Yoast SEO plugin v27.5 - https:\/\/yoast.com\/product\/yoast-seo-wordpress\/ -->\n<title>V\u00f6lkel et imtargis concluent un partenariat strat\u00e9gique pour le d\u00e9veloppement et la mise en \u0153uvre de strat\u00e9gies globales de gestion d&#039;actifs pour l&#039;immobilier commercial - V\u00d6LKEL Real Estate | Hamburg<\/title>\n<meta name=\"robots\" content=\"index, follow, max-snippet:-1, max-image-preview:large, max-video-preview:-1\" \/>\n<link rel=\"canonical\" href=\"https:\/\/www.voelkel-re.de\/fr\/voelkel-et-imtargis-concluent-un-partenariat-strategique-pour-le-developpement-et-la-mise-en-oeuvre-de-strategies-globales-de-gestion-dactifs-pour-limmobilier-commercial\/\" \/>\n<meta property=\"og:locale\" content=\"fr_FR\" \/>\n<meta property=\"og:type\" content=\"article\" \/>\n<meta property=\"og:title\" content=\"V\u00f6lkel et imtargis concluent un partenariat strat\u00e9gique pour le d\u00e9veloppement et la mise en \u0153uvre de strat\u00e9gies globales de gestion d&#039;actifs pour l&#039;immobilier commercial - V\u00d6LKEL Real Estate | Hamburg\" \/>\n<meta property=\"og:description\" content=\"Ensemble, les deux entreprises d\u00e9veloppent des strat\u00e9gies globales de gestion d&#8217;actifs pour tous les types d&#8217;immobilier commercial. Pour que l&#8217;immobilier commercial ait le plus grand succ\u00e8s possible, toutes les perspectives de march\u00e9 &#8211; l&#8217;objet, l&#8217;investisseur et le client &#8211; sont prises en compte de mani\u00e8re \u00e9quivalente. L&#8217;analyse approfondie des enqu\u00eates actuelles men\u00e9es par imtargis GmbH [&hellip;]\" \/>\n<meta property=\"og:url\" content=\"https:\/\/www.voelkel-re.de\/fr\/voelkel-et-imtargis-concluent-un-partenariat-strategique-pour-le-developpement-et-la-mise-en-oeuvre-de-strategies-globales-de-gestion-dactifs-pour-limmobilier-commercial\/\" \/>\n<meta property=\"og:site_name\" content=\"V\u00d6LKEL Real Estate | Hamburg\" \/>\n<meta property=\"article:published_time\" content=\"2024-10-15T14:52:29+00:00\" \/>\n<meta property=\"article:modified_time\" content=\"2024-10-16T08:55:45+00:00\" \/>\n<meta property=\"og:image\" content=\"https:\/\/www.voelkel-re.de\/wp-content\/uploads\/Versuch2-scaled.jpg\" \/>\n\t<meta property=\"og:image:width\" content=\"2048\" \/>\n\t<meta property=\"og:image:height\" content=\"1536\" \/>\n\t<meta property=\"og:image:type\" content=\"image\/jpeg\" \/>\n<meta name=\"author\" content=\"office@voelkel-re.de\" \/>\n<meta name=\"twitter:card\" content=\"summary_large_image\" \/>\n<meta name=\"twitter:label1\" content=\"\u00c9crit par\" \/>\n\t<meta name=\"twitter:data1\" content=\"office@voelkel-re.de\" \/>\n\t<meta name=\"twitter:label2\" content=\"Dur\u00e9e de lecture estim\u00e9e\" \/>\n\t<meta name=\"twitter:data2\" content=\"2 minutes\" \/>\n<script type=\"application\/ld+json\" class=\"yoast-schema-graph\">{\"@context\":\"https:\\\/\\\/schema.org\",\"@graph\":[{\"@type\":\"Article\",\"@id\":\"https:\\\/\\\/www.voelkel-re.de\\\/fr\\\/voelkel-et-imtargis-concluent-un-partenariat-strategique-pour-le-developpement-et-la-mise-en-oeuvre-de-strategies-globales-de-gestion-dactifs-pour-limmobilier-commercial\\\/#article\",\"isPartOf\":{\"@id\":\"https:\\\/\\\/www.voelkel-re.de\\\/fr\\\/voelkel-et-imtargis-concluent-un-partenariat-strategique-pour-le-developpement-et-la-mise-en-oeuvre-de-strategies-globales-de-gestion-dactifs-pour-limmobilier-commercial\\\/\"},\"author\":{\"name\":\"office@voelkel-re.de\",\"@id\":\"https:\\\/\\\/www.voelkel-re.de\\\/#\\\/schema\\\/person\\\/f5b8fbc369b1342588b6105161cb7456\"},\"headline\":\"V\u00f6lkel et imtargis concluent un partenariat strat\u00e9gique pour le d\u00e9veloppement et la mise en \u0153uvre de strat\u00e9gies globales de gestion d&#8217;actifs pour l&#8217;immobilier commercial\",\"datePublished\":\"2024-10-15T14:52:29+00:00\",\"dateModified\":\"2024-10-16T08:55:45+00:00\",\"mainEntityOfPage\":{\"@id\":\"https:\\\/\\\/www.voelkel-re.de\\\/fr\\\/voelkel-et-imtargis-concluent-un-partenariat-strategique-pour-le-developpement-et-la-mise-en-oeuvre-de-strategies-globales-de-gestion-dactifs-pour-limmobilier-commercial\\\/\"},\"wordCount\":533,\"publisher\":{\"@id\":\"https:\\\/\\\/www.voelkel-re.de\\\/#organization\"},\"image\":{\"@id\":\"https:\\\/\\\/www.voelkel-re.de\\\/fr\\\/voelkel-et-imtargis-concluent-un-partenariat-strategique-pour-le-developpement-et-la-mise-en-oeuvre-de-strategies-globales-de-gestion-dactifs-pour-limmobilier-commercial\\\/#primaryimage\"},\"thumbnailUrl\":\"https:\\\/\\\/www.voelkel-re.de\\\/wp-content\\\/uploads\\\/Versuch2-scaled.jpg\",\"keywords\":[\"Succ\u00e8s de la location\",\"Vermietungserfolg\"],\"articleSection\":[\"Non classifi\u00e9(e)\"],\"inLanguage\":\"fr-FR\"},{\"@type\":\"WebPage\",\"@id\":\"https:\\\/\\\/www.voelkel-re.de\\\/fr\\\/voelkel-et-imtargis-concluent-un-partenariat-strategique-pour-le-developpement-et-la-mise-en-oeuvre-de-strategies-globales-de-gestion-dactifs-pour-limmobilier-commercial\\\/\",\"url\":\"https:\\\/\\\/www.voelkel-re.de\\\/fr\\\/voelkel-et-imtargis-concluent-un-partenariat-strategique-pour-le-developpement-et-la-mise-en-oeuvre-de-strategies-globales-de-gestion-dactifs-pour-limmobilier-commercial\\\/\",\"name\":\"V\u00f6lkel et imtargis concluent un partenariat strat\u00e9gique pour le d\u00e9veloppement et la mise en \u0153uvre de strat\u00e9gies globales de gestion d'actifs pour l'immobilier commercial - V\u00d6LKEL Real Estate | Hamburg\",\"isPartOf\":{\"@id\":\"https:\\\/\\\/www.voelkel-re.de\\\/#website\"},\"primaryImageOfPage\":{\"@id\":\"https:\\\/\\\/www.voelkel-re.de\\\/fr\\\/voelkel-et-imtargis-concluent-un-partenariat-strategique-pour-le-developpement-et-la-mise-en-oeuvre-de-strategies-globales-de-gestion-dactifs-pour-limmobilier-commercial\\\/#primaryimage\"},\"image\":{\"@id\":\"https:\\\/\\\/www.voelkel-re.de\\\/fr\\\/voelkel-et-imtargis-concluent-un-partenariat-strategique-pour-le-developpement-et-la-mise-en-oeuvre-de-strategies-globales-de-gestion-dactifs-pour-limmobilier-commercial\\\/#primaryimage\"},\"thumbnailUrl\":\"https:\\\/\\\/www.voelkel-re.de\\\/wp-content\\\/uploads\\\/Versuch2-scaled.jpg\",\"datePublished\":\"2024-10-15T14:52:29+00:00\",\"dateModified\":\"2024-10-16T08:55:45+00:00\",\"breadcrumb\":{\"@id\":\"https:\\\/\\\/www.voelkel-re.de\\\/fr\\\/voelkel-et-imtargis-concluent-un-partenariat-strategique-pour-le-developpement-et-la-mise-en-oeuvre-de-strategies-globales-de-gestion-dactifs-pour-limmobilier-commercial\\\/#breadcrumb\"},\"inLanguage\":\"fr-FR\",\"potentialAction\":[{\"@type\":\"ReadAction\",\"target\":[\"https:\\\/\\\/www.voelkel-re.de\\\/fr\\\/voelkel-et-imtargis-concluent-un-partenariat-strategique-pour-le-developpement-et-la-mise-en-oeuvre-de-strategies-globales-de-gestion-dactifs-pour-limmobilier-commercial\\\/\"]}]},{\"@type\":\"ImageObject\",\"inLanguage\":\"fr-FR\",\"@id\":\"https:\\\/\\\/www.voelkel-re.de\\\/fr\\\/voelkel-et-imtargis-concluent-un-partenariat-strategique-pour-le-developpement-et-la-mise-en-oeuvre-de-strategies-globales-de-gestion-dactifs-pour-limmobilier-commercial\\\/#primaryimage\",\"url\":\"https:\\\/\\\/www.voelkel-re.de\\\/wp-content\\\/uploads\\\/Versuch2-scaled.jpg\",\"contentUrl\":\"https:\\\/\\\/www.voelkel-re.de\\\/wp-content\\\/uploads\\\/Versuch2-scaled.jpg\",\"width\":2048,\"height\":1536},{\"@type\":\"BreadcrumbList\",\"@id\":\"https:\\\/\\\/www.voelkel-re.de\\\/fr\\\/voelkel-et-imtargis-concluent-un-partenariat-strategique-pour-le-developpement-et-la-mise-en-oeuvre-de-strategies-globales-de-gestion-dactifs-pour-limmobilier-commercial\\\/#breadcrumb\",\"itemListElement\":[{\"@type\":\"ListItem\",\"position\":1,\"name\":\"Startseite\",\"item\":\"https:\\\/\\\/www.voelkel-re.de\\\/fr\\\/\"},{\"@type\":\"ListItem\",\"position\":2,\"name\":\"V\u00f6lkel et imtargis concluent un partenariat strat\u00e9gique pour le d\u00e9veloppement et la mise en \u0153uvre de strat\u00e9gies globales de gestion d&#8217;actifs pour l&#8217;immobilier commercial\"}]},{\"@type\":\"WebSite\",\"@id\":\"https:\\\/\\\/www.voelkel-re.de\\\/#website\",\"url\":\"https:\\\/\\\/www.voelkel-re.de\\\/\",\"name\":\"V\u00d6LKEL Real Estate | Hamburg\",\"description\":\"Immobiliendienstleistungen f\u00fcr Handels- und Gewerbeimmobilien\",\"publisher\":{\"@id\":\"https:\\\/\\\/www.voelkel-re.de\\\/#organization\"},\"potentialAction\":[{\"@type\":\"SearchAction\",\"target\":{\"@type\":\"EntryPoint\",\"urlTemplate\":\"https:\\\/\\\/www.voelkel-re.de\\\/?s={search_term_string}\"},\"query-input\":{\"@type\":\"PropertyValueSpecification\",\"valueRequired\":true,\"valueName\":\"search_term_string\"}}],\"inLanguage\":\"fr-FR\"},{\"@type\":\"Organization\",\"@id\":\"https:\\\/\\\/www.voelkel-re.de\\\/#organization\",\"name\":\"V\u00d6LKEL Real Estate | Hamburg\",\"url\":\"https:\\\/\\\/www.voelkel-re.de\\\/\",\"logo\":{\"@type\":\"ImageObject\",\"inLanguage\":\"fr-FR\",\"@id\":\"https:\\\/\\\/www.voelkel-re.de\\\/#\\\/schema\\\/logo\\\/image\\\/\",\"url\":\"https:\\\/\\\/www.voelkel-re.de\\\/wp-content\\\/uploads\\\/VOELKEL-Logo.jpg\",\"contentUrl\":\"https:\\\/\\\/www.voelkel-re.de\\\/wp-content\\\/uploads\\\/VOELKEL-Logo.jpg\",\"width\":1600,\"height\":900,\"caption\":\"V\u00d6LKEL Real Estate | Hamburg\"},\"image\":{\"@id\":\"https:\\\/\\\/www.voelkel-re.de\\\/#\\\/schema\\\/logo\\\/image\\\/\"},\"sameAs\":[\"https:\\\/\\\/de.linkedin.com\\\/company\\\/voelkel-real-estate\"]},{\"@type\":\"Person\",\"@id\":\"https:\\\/\\\/www.voelkel-re.de\\\/#\\\/schema\\\/person\\\/f5b8fbc369b1342588b6105161cb7456\",\"name\":\"office@voelkel-re.de\",\"url\":\"https:\\\/\\\/www.voelkel-re.de\\\/fr\\\/author\\\/officevoelkel-re-de\\\/\"}]}<\/script>\n<!-- \/ Yoast SEO plugin. -->","yoast_head_json":{"title":"V\u00f6lkel et imtargis concluent un partenariat strat\u00e9gique pour le d\u00e9veloppement et la mise en \u0153uvre de strat\u00e9gies globales de gestion d'actifs pour l'immobilier commercial - V\u00d6LKEL Real Estate | Hamburg","robots":{"index":"index","follow":"follow","max-snippet":"max-snippet:-1","max-image-preview":"max-image-preview:large","max-video-preview":"max-video-preview:-1"},"canonical":"https:\/\/www.voelkel-re.de\/fr\/voelkel-et-imtargis-concluent-un-partenariat-strategique-pour-le-developpement-et-la-mise-en-oeuvre-de-strategies-globales-de-gestion-dactifs-pour-limmobilier-commercial\/","og_locale":"fr_FR","og_type":"article","og_title":"V\u00f6lkel et imtargis concluent un partenariat strat\u00e9gique pour le d\u00e9veloppement et la mise en \u0153uvre de strat\u00e9gies globales de gestion d'actifs pour l'immobilier commercial - V\u00d6LKEL Real Estate | Hamburg","og_description":"Ensemble, les deux entreprises d\u00e9veloppent des strat\u00e9gies globales de gestion d&#8217;actifs pour tous les types d&#8217;immobilier commercial. Pour que l&#8217;immobilier commercial ait le plus grand succ\u00e8s possible, toutes les perspectives de march\u00e9 &#8211; l&#8217;objet, l&#8217;investisseur et le client &#8211; sont prises en compte de mani\u00e8re \u00e9quivalente. L&#8217;analyse approfondie des enqu\u00eates actuelles men\u00e9es par imtargis GmbH [&hellip;]","og_url":"https:\/\/www.voelkel-re.de\/fr\/voelkel-et-imtargis-concluent-un-partenariat-strategique-pour-le-developpement-et-la-mise-en-oeuvre-de-strategies-globales-de-gestion-dactifs-pour-limmobilier-commercial\/","og_site_name":"V\u00d6LKEL Real Estate | Hamburg","article_published_time":"2024-10-15T14:52:29+00:00","article_modified_time":"2024-10-16T08:55:45+00:00","og_image":[{"width":2048,"height":1536,"url":"https:\/\/www.voelkel-re.de\/wp-content\/uploads\/Versuch2-scaled.jpg","type":"image\/jpeg"}],"author":"office@voelkel-re.de","twitter_card":"summary_large_image","twitter_misc":{"\u00c9crit par":"office@voelkel-re.de","Dur\u00e9e de lecture estim\u00e9e":"2 minutes"},"schema":{"@context":"https:\/\/schema.org","@graph":[{"@type":"Article","@id":"https:\/\/www.voelkel-re.de\/fr\/voelkel-et-imtargis-concluent-un-partenariat-strategique-pour-le-developpement-et-la-mise-en-oeuvre-de-strategies-globales-de-gestion-dactifs-pour-limmobilier-commercial\/#article","isPartOf":{"@id":"https:\/\/www.voelkel-re.de\/fr\/voelkel-et-imtargis-concluent-un-partenariat-strategique-pour-le-developpement-et-la-mise-en-oeuvre-de-strategies-globales-de-gestion-dactifs-pour-limmobilier-commercial\/"},"author":{"name":"office@voelkel-re.de","@id":"https:\/\/www.voelkel-re.de\/#\/schema\/person\/f5b8fbc369b1342588b6105161cb7456"},"headline":"V\u00f6lkel et imtargis concluent un partenariat strat\u00e9gique pour le d\u00e9veloppement et la mise en \u0153uvre de strat\u00e9gies globales de gestion d&#8217;actifs pour l&#8217;immobilier commercial","datePublished":"2024-10-15T14:52:29+00:00","dateModified":"2024-10-16T08:55:45+00:00","mainEntityOfPage":{"@id":"https:\/\/www.voelkel-re.de\/fr\/voelkel-et-imtargis-concluent-un-partenariat-strategique-pour-le-developpement-et-la-mise-en-oeuvre-de-strategies-globales-de-gestion-dactifs-pour-limmobilier-commercial\/"},"wordCount":533,"publisher":{"@id":"https:\/\/www.voelkel-re.de\/#organization"},"image":{"@id":"https:\/\/www.voelkel-re.de\/fr\/voelkel-et-imtargis-concluent-un-partenariat-strategique-pour-le-developpement-et-la-mise-en-oeuvre-de-strategies-globales-de-gestion-dactifs-pour-limmobilier-commercial\/#primaryimage"},"thumbnailUrl":"https:\/\/www.voelkel-re.de\/wp-content\/uploads\/Versuch2-scaled.jpg","keywords":["Succ\u00e8s de la location","Vermietungserfolg"],"articleSection":["Non classifi\u00e9(e)"],"inLanguage":"fr-FR"},{"@type":"WebPage","@id":"https:\/\/www.voelkel-re.de\/fr\/voelkel-et-imtargis-concluent-un-partenariat-strategique-pour-le-developpement-et-la-mise-en-oeuvre-de-strategies-globales-de-gestion-dactifs-pour-limmobilier-commercial\/","url":"https:\/\/www.voelkel-re.de\/fr\/voelkel-et-imtargis-concluent-un-partenariat-strategique-pour-le-developpement-et-la-mise-en-oeuvre-de-strategies-globales-de-gestion-dactifs-pour-limmobilier-commercial\/","name":"V\u00f6lkel et imtargis concluent un partenariat strat\u00e9gique pour le d\u00e9veloppement et la mise en \u0153uvre de strat\u00e9gies globales de gestion d'actifs pour l'immobilier commercial - V\u00d6LKEL Real Estate | Hamburg","isPartOf":{"@id":"https:\/\/www.voelkel-re.de\/#website"},"primaryImageOfPage":{"@id":"https:\/\/www.voelkel-re.de\/fr\/voelkel-et-imtargis-concluent-un-partenariat-strategique-pour-le-developpement-et-la-mise-en-oeuvre-de-strategies-globales-de-gestion-dactifs-pour-limmobilier-commercial\/#primaryimage"},"image":{"@id":"https:\/\/www.voelkel-re.de\/fr\/voelkel-et-imtargis-concluent-un-partenariat-strategique-pour-le-developpement-et-la-mise-en-oeuvre-de-strategies-globales-de-gestion-dactifs-pour-limmobilier-commercial\/#primaryimage"},"thumbnailUrl":"https:\/\/www.voelkel-re.de\/wp-content\/uploads\/Versuch2-scaled.jpg","datePublished":"2024-10-15T14:52:29+00:00","dateModified":"2024-10-16T08:55:45+00:00","breadcrumb":{"@id":"https:\/\/www.voelkel-re.de\/fr\/voelkel-et-imtargis-concluent-un-partenariat-strategique-pour-le-developpement-et-la-mise-en-oeuvre-de-strategies-globales-de-gestion-dactifs-pour-limmobilier-commercial\/#breadcrumb"},"inLanguage":"fr-FR","potentialAction":[{"@type":"ReadAction","target":["https:\/\/www.voelkel-re.de\/fr\/voelkel-et-imtargis-concluent-un-partenariat-strategique-pour-le-developpement-et-la-mise-en-oeuvre-de-strategies-globales-de-gestion-dactifs-pour-limmobilier-commercial\/"]}]},{"@type":"ImageObject","inLanguage":"fr-FR","@id":"https:\/\/www.voelkel-re.de\/fr\/voelkel-et-imtargis-concluent-un-partenariat-strategique-pour-le-developpement-et-la-mise-en-oeuvre-de-strategies-globales-de-gestion-dactifs-pour-limmobilier-commercial\/#primaryimage","url":"https:\/\/www.voelkel-re.de\/wp-content\/uploads\/Versuch2-scaled.jpg","contentUrl":"https:\/\/www.voelkel-re.de\/wp-content\/uploads\/Versuch2-scaled.jpg","width":2048,"height":1536},{"@type":"BreadcrumbList","@id":"https:\/\/www.voelkel-re.de\/fr\/voelkel-et-imtargis-concluent-un-partenariat-strategique-pour-le-developpement-et-la-mise-en-oeuvre-de-strategies-globales-de-gestion-dactifs-pour-limmobilier-commercial\/#breadcrumb","itemListElement":[{"@type":"ListItem","position":1,"name":"Startseite","item":"https:\/\/www.voelkel-re.de\/fr\/"},{"@type":"ListItem","position":2,"name":"V\u00f6lkel et imtargis concluent un partenariat strat\u00e9gique pour le d\u00e9veloppement et la mise en \u0153uvre de strat\u00e9gies globales de gestion d&#8217;actifs pour l&#8217;immobilier commercial"}]},{"@type":"WebSite","@id":"https:\/\/www.voelkel-re.de\/#website","url":"https:\/\/www.voelkel-re.de\/","name":"V\u00d6LKEL Real Estate | Hamburg","description":"Immobiliendienstleistungen f\u00fcr Handels- und Gewerbeimmobilien","publisher":{"@id":"https:\/\/www.voelkel-re.de\/#organization"},"potentialAction":[{"@type":"SearchAction","target":{"@type":"EntryPoint","urlTemplate":"https:\/\/www.voelkel-re.de\/?s={search_term_string}"},"query-input":{"@type":"PropertyValueSpecification","valueRequired":true,"valueName":"search_term_string"}}],"inLanguage":"fr-FR"},{"@type":"Organization","@id":"https:\/\/www.voelkel-re.de\/#organization","name":"V\u00d6LKEL Real Estate | Hamburg","url":"https:\/\/www.voelkel-re.de\/","logo":{"@type":"ImageObject","inLanguage":"fr-FR","@id":"https:\/\/www.voelkel-re.de\/#\/schema\/logo\/image\/","url":"https:\/\/www.voelkel-re.de\/wp-content\/uploads\/VOELKEL-Logo.jpg","contentUrl":"https:\/\/www.voelkel-re.de\/wp-content\/uploads\/VOELKEL-Logo.jpg","width":1600,"height":900,"caption":"V\u00d6LKEL Real Estate | Hamburg"},"image":{"@id":"https:\/\/www.voelkel-re.de\/#\/schema\/logo\/image\/"},"sameAs":["https:\/\/de.linkedin.com\/company\/voelkel-real-estate"]},{"@type":"Person","@id":"https:\/\/www.voelkel-re.de\/#\/schema\/person\/f5b8fbc369b1342588b6105161cb7456","name":"office@voelkel-re.de","url":"https:\/\/www.voelkel-re.de\/fr\/author\/officevoelkel-re-de\/"}]}},"_links":{"self":[{"href":"https:\/\/www.voelkel-re.de\/fr\/wp-json\/wp\/v2\/posts\/4948","targetHints":{"allow":["GET"]}}],"collection":[{"href":"https:\/\/www.voelkel-re.de\/fr\/wp-json\/wp\/v2\/posts"}],"about":[{"href":"https:\/\/www.voelkel-re.de\/fr\/wp-json\/wp\/v2\/types\/post"}],"author":[{"embeddable":true,"href":"https:\/\/www.voelkel-re.de\/fr\/wp-json\/wp\/v2\/users\/4"}],"replies":[{"embeddable":true,"href":"https:\/\/www.voelkel-re.de\/fr\/wp-json\/wp\/v2\/comments?post=4948"}],"version-history":[{"count":1,"href":"https:\/\/www.voelkel-re.de\/fr\/wp-json\/wp\/v2\/posts\/4948\/revisions"}],"predecessor-version":[{"id":4949,"href":"https:\/\/www.voelkel-re.de\/fr\/wp-json\/wp\/v2\/posts\/4948\/revisions\/4949"}],"wp:featuredmedia":[{"embeddable":true,"href":"https:\/\/www.voelkel-re.de\/fr\/wp-json\/wp\/v2\/media\/4945"}],"wp:attachment":[{"href":"https:\/\/www.voelkel-re.de\/fr\/wp-json\/wp\/v2\/media?parent=4948"}],"wp:term":[{"taxonomy":"category","embeddable":true,"href":"https:\/\/www.voelkel-re.de\/fr\/wp-json\/wp\/v2\/categories?post=4948"},{"taxonomy":"post_tag","embeddable":true,"href":"https:\/\/www.voelkel-re.de\/fr\/wp-json\/wp\/v2\/tags?post=4948"}],"curies":[{"name":"wp","href":"https:\/\/api.w.org\/{rel}","templated":true}]}}