{"id":4890,"date":"2024-08-29T13:04:48","date_gmt":"2024-08-29T11:04:48","guid":{"rendered":"https:\/\/www.voelkel-re.de\/kauf-park-goettingen-mediamarkt-ouvre-le-29-08-2024\/"},"modified":"2024-09-11T12:41:24","modified_gmt":"2024-09-11T10:41:24","slug":"kauf-park-goettingen-mediamarkt-ouvre-le-29-08-2024","status":"publish","type":"post","link":"https:\/\/www.voelkel-re.de\/fr\/kauf-park-goettingen-mediamarkt-ouvre-le-29-08-2024\/","title":{"rendered":"Kauf Park G\u00f6ttingen &#8211; MediaMarkt ouvre le 29.08.2024"},"content":{"rendered":"\n<p>Dans le cadre du d\u00e9veloppement \u00e0 long terme du Kauf Park de G\u00f6ttingen, V\u00d6LKEL Real Estate et Deka Immobilien ont fait venir le magasin d&#8217;\u00e9lectronique grand public MediaMarkt dans le centre.<\/p>\n\n<p>Le centre se pr\u00e9sente d\u00e9sormais avec trois leaders de march\u00e9 comme locataires de grandes surfaces : Kaufland, Obi et MediaMarkt.<\/p>\n\n<p>Avec MediaMarkt, la fonction d&#8217;approvisionnement de la r\u00e9gion est encore renforc\u00e9e, avec le soutien de locataires tels que Aldi, Deichmann, Intersport, tegut, Rossmann, Christ, Thalia, Depot, Camp David et de nombreuses autres cha\u00eenes de magasins puissantes ainsi que des d\u00e9taillants, des restaurateurs et des prestataires de services \u00e0 succ\u00e8s au niveau r\u00e9gional.  <strong><\/strong><\/p>\n\n<p>Apr\u00e8s une phase de transformation de six mois, au cours de laquelle l&#8217;ensemble de la surface locative a \u00e9t\u00e9 d\u00e9noyaut\u00e9e, r\u00e9nov\u00e9e et am\u00e9nag\u00e9e, le magasin a ouvert ses portes le jeudi 29 ao\u00fbt.\nMedia Markt a ouvert ses portes avec son format de base, renfor\u00e7ant ainsi l&#8217;importance du Kauf Park pour la r\u00e9gion.\nSur une surface d&#8217;environ 1.800 m\u00e8tres carr\u00e9s, le magasin propose la gamme compl\u00e8te de produits.\nL&#8217;accent est mis sur la possibilit\u00e9 de toucher, d&#8217;essayer et de d\u00e9couvrir les produits, ainsi que sur le conseil personnalis\u00e9 sur place.\nDe nombreuses prestations de service compl\u00e8tent l&#8217;offre.\nGr\u00e2ce \u00e0 la connexion \u00e0 la boutique en ligne, les clients ont \u00e9galement acc\u00e8s \u00e0 l&#8217;offre compl\u00e8te en ligne de MediaMarkt.     <\/p>\n\n<p>R\u00fcdiger Hampe, directeur de V\u00f6lkel Real Estate GmbH, s&#8217;est dit satisfait du nouveau locataire : &#8220;La location au leader du march\u00e9 MediaMarkt est un formidable succ\u00e8s pour le Kauf Park et repr\u00e9sente, apr\u00e8s la location \u00e0 Kaufland en 2022, une nouvelle \u00e9tape dans le d\u00e9veloppement sp\u00e9cifique au site de l&#8217;ancienne surface locative de real&#8221;.<\/p>\n\n<p><strong>Le plus grand centre commercial sp\u00e9cialis\u00e9 de Basse-Saxe  <\/strong><strong><em><\/em><\/strong><\/p>\n\n<p>Le Kauf Park de G\u00f6ttingen a \u00e9t\u00e9 construit en 1998 et, avec une surface de vente d&#8217;env. 45.000 m\u00b2 et plus de 10.000 visiteurs par jour, le plus grand centre commercial sp\u00e9cialis\u00e9 du sud de la Basse-Saxe. Le centre est tr\u00e8s facile d&#8217;acc\u00e8s pour les clients via les autoroutes A7, A44 et A38 ainsi que via la route B3 en provenance de G\u00f6ttingen. Les surfaces sont lou\u00e9es \u00e0 long terme, l&#8217;offre se concentre sur la couverture des besoins quotidiens avec des produits alimentaires et des articles de droguerie, mais un magasin de bricolage, une jardinerie et des restaurants en font \u00e9galement partie. Les locataires sont entre autres Kaufland, Obi, Aldi et Tegut.<\/p>\n\n<p>Depuis 2019, le Kauf Park G\u00f6ttingen est g\u00e9r\u00e9 en full-service par V\u00d6LKEL Real Estate. Le groupe V\u00d6LKEL a \u00e9t\u00e9 fond\u00e9 en 2004 \u00e0 Hambourg et propose, outre la gestion op\u00e9rationnelle de biens immobiliers, une multitude d&#8217;autres services li\u00e9s au cycle de vie d&#8217;un bien immobilier. Elle travaille depuis de nombreuses ann\u00e9es pour Deka Immobilien et s&#8217;occupe entre-temps de divers centres commerciaux et de march\u00e9s sp\u00e9cialis\u00e9s de l&#8217;investisseur.<\/p>\n\n<p>Deka Immobilien a acquis le bien en 2019 dans le cadre d&#8217;une coentreprise interne entre les fonds sp\u00e9ciaux WestInvest TargetSelect Shopping, Domus-Deutschland-Fonds Nr. 2 et Domus-Einzelhandel-Deutschland.<\/p>\n","protected":false},"excerpt":{"rendered":"<p>MediaMarkt ouvre dans le Kauf Park de G\u00f6ttingen<\/p>\n","protected":false},"author":4,"featured_media":4761,"comment_status":"closed","ping_status":"closed","sticky":false,"template":"","format":"standard","meta":{"_acf_changed":false,"footnotes":""},"categories":[30],"tags":[80,79,82,85],"class_list":["post-4890","post","type-post","status-publish","format-standard","has-post-thumbnail","hentry","category-non-classifiee","tag-kaufland","tag-mediamarkt","tag-parc-dachat-goettingen","tag-succes-de-la-location"],"acf":[],"yoast_head":"<!-- This site is optimized with the Yoast SEO plugin v27.5 - https:\/\/yoast.com\/product\/yoast-seo-wordpress\/ -->\n<title>Kauf Park G\u00f6ttingen - MediaMarkt ouvre le 29.08.2024 - V\u00d6LKEL Real Estate | Hamburg<\/title>\n<meta name=\"robots\" content=\"index, follow, max-snippet:-1, max-image-preview:large, max-video-preview:-1\" \/>\n<link rel=\"canonical\" href=\"https:\/\/www.voelkel-re.de\/fr\/kauf-park-goettingen-mediamarkt-ouvre-le-29-08-2024\/\" \/>\n<meta property=\"og:locale\" content=\"fr_FR\" \/>\n<meta property=\"og:type\" content=\"article\" \/>\n<meta property=\"og:title\" content=\"Kauf Park G\u00f6ttingen - MediaMarkt ouvre le 29.08.2024 - V\u00d6LKEL Real Estate | Hamburg\" \/>\n<meta property=\"og:description\" content=\"MediaMarkt ouvre dans le Kauf Park de G\u00f6ttingen\" \/>\n<meta property=\"og:url\" content=\"https:\/\/www.voelkel-re.de\/fr\/kauf-park-goettingen-mediamarkt-ouvre-le-29-08-2024\/\" \/>\n<meta property=\"og:site_name\" content=\"V\u00d6LKEL Real Estate | Hamburg\" \/>\n<meta property=\"article:published_time\" content=\"2024-08-29T11:04:48+00:00\" \/>\n<meta property=\"article:modified_time\" content=\"2024-09-11T10:41:24+00:00\" \/>\n<meta property=\"og:image\" content=\"https:\/\/www.voelkel-re.de\/wp-content\/uploads\/KPG_MMS_290824.jpg\" \/>\n\t<meta property=\"og:image:width\" content=\"768\" \/>\n\t<meta property=\"og:image:height\" content=\"768\" \/>\n\t<meta property=\"og:image:type\" content=\"image\/jpeg\" \/>\n<meta name=\"author\" content=\"office@voelkel-re.de\" \/>\n<meta name=\"twitter:card\" content=\"summary_large_image\" \/>\n<meta name=\"twitter:label1\" content=\"\u00c9crit par\" \/>\n\t<meta name=\"twitter:data1\" content=\"office@voelkel-re.de\" \/>\n\t<meta name=\"twitter:label2\" content=\"Dur\u00e9e de lecture estim\u00e9e\" \/>\n\t<meta name=\"twitter:data2\" content=\"3 minutes\" \/>\n<script type=\"application\/ld+json\" class=\"yoast-schema-graph\">{\"@context\":\"https:\\\/\\\/schema.org\",\"@graph\":[{\"@type\":\"Article\",\"@id\":\"https:\\\/\\\/www.voelkel-re.de\\\/fr\\\/kauf-park-goettingen-mediamarkt-ouvre-le-29-08-2024\\\/#article\",\"isPartOf\":{\"@id\":\"https:\\\/\\\/www.voelkel-re.de\\\/fr\\\/kauf-park-goettingen-mediamarkt-ouvre-le-29-08-2024\\\/\"},\"author\":{\"name\":\"office@voelkel-re.de\",\"@id\":\"https:\\\/\\\/www.voelkel-re.de\\\/#\\\/schema\\\/person\\\/f5b8fbc369b1342588b6105161cb7456\"},\"headline\":\"Kauf Park G\u00f6ttingen &#8211; MediaMarkt ouvre le 29.08.2024\",\"datePublished\":\"2024-08-29T11:04:48+00:00\",\"dateModified\":\"2024-09-11T10:41:24+00:00\",\"mainEntityOfPage\":{\"@id\":\"https:\\\/\\\/www.voelkel-re.de\\\/fr\\\/kauf-park-goettingen-mediamarkt-ouvre-le-29-08-2024\\\/\"},\"wordCount\":549,\"publisher\":{\"@id\":\"https:\\\/\\\/www.voelkel-re.de\\\/#organization\"},\"image\":{\"@id\":\"https:\\\/\\\/www.voelkel-re.de\\\/fr\\\/kauf-park-goettingen-mediamarkt-ouvre-le-29-08-2024\\\/#primaryimage\"},\"thumbnailUrl\":\"https:\\\/\\\/www.voelkel-re.de\\\/wp-content\\\/uploads\\\/KPG_MMS_290824.jpg\",\"keywords\":[\"Kaufland\",\"MediaMarkt\",\"Parc d'achat G\u00f6ttingen\",\"Succ\u00e8s de la location\"],\"articleSection\":[\"Non classifi\u00e9(e)\"],\"inLanguage\":\"fr-FR\"},{\"@type\":\"WebPage\",\"@id\":\"https:\\\/\\\/www.voelkel-re.de\\\/fr\\\/kauf-park-goettingen-mediamarkt-ouvre-le-29-08-2024\\\/\",\"url\":\"https:\\\/\\\/www.voelkel-re.de\\\/fr\\\/kauf-park-goettingen-mediamarkt-ouvre-le-29-08-2024\\\/\",\"name\":\"Kauf Park G\u00f6ttingen - MediaMarkt ouvre le 29.08.2024 - V\u00d6LKEL Real Estate | Hamburg\",\"isPartOf\":{\"@id\":\"https:\\\/\\\/www.voelkel-re.de\\\/#website\"},\"primaryImageOfPage\":{\"@id\":\"https:\\\/\\\/www.voelkel-re.de\\\/fr\\\/kauf-park-goettingen-mediamarkt-ouvre-le-29-08-2024\\\/#primaryimage\"},\"image\":{\"@id\":\"https:\\\/\\\/www.voelkel-re.de\\\/fr\\\/kauf-park-goettingen-mediamarkt-ouvre-le-29-08-2024\\\/#primaryimage\"},\"thumbnailUrl\":\"https:\\\/\\\/www.voelkel-re.de\\\/wp-content\\\/uploads\\\/KPG_MMS_290824.jpg\",\"datePublished\":\"2024-08-29T11:04:48+00:00\",\"dateModified\":\"2024-09-11T10:41:24+00:00\",\"breadcrumb\":{\"@id\":\"https:\\\/\\\/www.voelkel-re.de\\\/fr\\\/kauf-park-goettingen-mediamarkt-ouvre-le-29-08-2024\\\/#breadcrumb\"},\"inLanguage\":\"fr-FR\",\"potentialAction\":[{\"@type\":\"ReadAction\",\"target\":[\"https:\\\/\\\/www.voelkel-re.de\\\/fr\\\/kauf-park-goettingen-mediamarkt-ouvre-le-29-08-2024\\\/\"]}]},{\"@type\":\"ImageObject\",\"inLanguage\":\"fr-FR\",\"@id\":\"https:\\\/\\\/www.voelkel-re.de\\\/fr\\\/kauf-park-goettingen-mediamarkt-ouvre-le-29-08-2024\\\/#primaryimage\",\"url\":\"https:\\\/\\\/www.voelkel-re.de\\\/wp-content\\\/uploads\\\/KPG_MMS_290824.jpg\",\"contentUrl\":\"https:\\\/\\\/www.voelkel-re.de\\\/wp-content\\\/uploads\\\/KPG_MMS_290824.jpg\",\"width\":768,\"height\":768,\"caption\":\"Im Kauf Park G\u00f6ttingen\"},{\"@type\":\"BreadcrumbList\",\"@id\":\"https:\\\/\\\/www.voelkel-re.de\\\/fr\\\/kauf-park-goettingen-mediamarkt-ouvre-le-29-08-2024\\\/#breadcrumb\",\"itemListElement\":[{\"@type\":\"ListItem\",\"position\":1,\"name\":\"Startseite\",\"item\":\"https:\\\/\\\/www.voelkel-re.de\\\/fr\\\/\"},{\"@type\":\"ListItem\",\"position\":2,\"name\":\"Kauf Park G\u00f6ttingen &#8211; MediaMarkt ouvre le 29.08.2024\"}]},{\"@type\":\"WebSite\",\"@id\":\"https:\\\/\\\/www.voelkel-re.de\\\/#website\",\"url\":\"https:\\\/\\\/www.voelkel-re.de\\\/\",\"name\":\"V\u00d6LKEL Real Estate | Hamburg\",\"description\":\"Immobiliendienstleistungen f\u00fcr Handels- und Gewerbeimmobilien\",\"publisher\":{\"@id\":\"https:\\\/\\\/www.voelkel-re.de\\\/#organization\"},\"potentialAction\":[{\"@type\":\"SearchAction\",\"target\":{\"@type\":\"EntryPoint\",\"urlTemplate\":\"https:\\\/\\\/www.voelkel-re.de\\\/?s={search_term_string}\"},\"query-input\":{\"@type\":\"PropertyValueSpecification\",\"valueRequired\":true,\"valueName\":\"search_term_string\"}}],\"inLanguage\":\"fr-FR\"},{\"@type\":\"Organization\",\"@id\":\"https:\\\/\\\/www.voelkel-re.de\\\/#organization\",\"name\":\"V\u00d6LKEL Real Estate | Hamburg\",\"url\":\"https:\\\/\\\/www.voelkel-re.de\\\/\",\"logo\":{\"@type\":\"ImageObject\",\"inLanguage\":\"fr-FR\",\"@id\":\"https:\\\/\\\/www.voelkel-re.de\\\/#\\\/schema\\\/logo\\\/image\\\/\",\"url\":\"https:\\\/\\\/www.voelkel-re.de\\\/wp-content\\\/uploads\\\/VOELKEL-Logo.jpg\",\"contentUrl\":\"https:\\\/\\\/www.voelkel-re.de\\\/wp-content\\\/uploads\\\/VOELKEL-Logo.jpg\",\"width\":1600,\"height\":900,\"caption\":\"V\u00d6LKEL Real Estate | Hamburg\"},\"image\":{\"@id\":\"https:\\\/\\\/www.voelkel-re.de\\\/#\\\/schema\\\/logo\\\/image\\\/\"},\"sameAs\":[\"https:\\\/\\\/de.linkedin.com\\\/company\\\/voelkel-real-estate\"]},{\"@type\":\"Person\",\"@id\":\"https:\\\/\\\/www.voelkel-re.de\\\/#\\\/schema\\\/person\\\/f5b8fbc369b1342588b6105161cb7456\",\"name\":\"office@voelkel-re.de\",\"url\":\"https:\\\/\\\/www.voelkel-re.de\\\/fr\\\/author\\\/officevoelkel-re-de\\\/\"}]}<\/script>\n<!-- \/ Yoast SEO plugin. -->","yoast_head_json":{"title":"Kauf Park G\u00f6ttingen - MediaMarkt ouvre le 29.08.2024 - V\u00d6LKEL Real Estate | Hamburg","robots":{"index":"index","follow":"follow","max-snippet":"max-snippet:-1","max-image-preview":"max-image-preview:large","max-video-preview":"max-video-preview:-1"},"canonical":"https:\/\/www.voelkel-re.de\/fr\/kauf-park-goettingen-mediamarkt-ouvre-le-29-08-2024\/","og_locale":"fr_FR","og_type":"article","og_title":"Kauf Park G\u00f6ttingen - MediaMarkt ouvre le 29.08.2024 - V\u00d6LKEL Real Estate | Hamburg","og_description":"MediaMarkt ouvre dans le Kauf Park de G\u00f6ttingen","og_url":"https:\/\/www.voelkel-re.de\/fr\/kauf-park-goettingen-mediamarkt-ouvre-le-29-08-2024\/","og_site_name":"V\u00d6LKEL Real Estate | Hamburg","article_published_time":"2024-08-29T11:04:48+00:00","article_modified_time":"2024-09-11T10:41:24+00:00","og_image":[{"width":768,"height":768,"url":"https:\/\/www.voelkel-re.de\/wp-content\/uploads\/KPG_MMS_290824.jpg","type":"image\/jpeg"}],"author":"office@voelkel-re.de","twitter_card":"summary_large_image","twitter_misc":{"\u00c9crit par":"office@voelkel-re.de","Dur\u00e9e de lecture estim\u00e9e":"3 minutes"},"schema":{"@context":"https:\/\/schema.org","@graph":[{"@type":"Article","@id":"https:\/\/www.voelkel-re.de\/fr\/kauf-park-goettingen-mediamarkt-ouvre-le-29-08-2024\/#article","isPartOf":{"@id":"https:\/\/www.voelkel-re.de\/fr\/kauf-park-goettingen-mediamarkt-ouvre-le-29-08-2024\/"},"author":{"name":"office@voelkel-re.de","@id":"https:\/\/www.voelkel-re.de\/#\/schema\/person\/f5b8fbc369b1342588b6105161cb7456"},"headline":"Kauf Park G\u00f6ttingen &#8211; MediaMarkt ouvre le 29.08.2024","datePublished":"2024-08-29T11:04:48+00:00","dateModified":"2024-09-11T10:41:24+00:00","mainEntityOfPage":{"@id":"https:\/\/www.voelkel-re.de\/fr\/kauf-park-goettingen-mediamarkt-ouvre-le-29-08-2024\/"},"wordCount":549,"publisher":{"@id":"https:\/\/www.voelkel-re.de\/#organization"},"image":{"@id":"https:\/\/www.voelkel-re.de\/fr\/kauf-park-goettingen-mediamarkt-ouvre-le-29-08-2024\/#primaryimage"},"thumbnailUrl":"https:\/\/www.voelkel-re.de\/wp-content\/uploads\/KPG_MMS_290824.jpg","keywords":["Kaufland","MediaMarkt","Parc d'achat G\u00f6ttingen","Succ\u00e8s de la location"],"articleSection":["Non classifi\u00e9(e)"],"inLanguage":"fr-FR"},{"@type":"WebPage","@id":"https:\/\/www.voelkel-re.de\/fr\/kauf-park-goettingen-mediamarkt-ouvre-le-29-08-2024\/","url":"https:\/\/www.voelkel-re.de\/fr\/kauf-park-goettingen-mediamarkt-ouvre-le-29-08-2024\/","name":"Kauf Park G\u00f6ttingen - MediaMarkt ouvre le 29.08.2024 - V\u00d6LKEL Real Estate | Hamburg","isPartOf":{"@id":"https:\/\/www.voelkel-re.de\/#website"},"primaryImageOfPage":{"@id":"https:\/\/www.voelkel-re.de\/fr\/kauf-park-goettingen-mediamarkt-ouvre-le-29-08-2024\/#primaryimage"},"image":{"@id":"https:\/\/www.voelkel-re.de\/fr\/kauf-park-goettingen-mediamarkt-ouvre-le-29-08-2024\/#primaryimage"},"thumbnailUrl":"https:\/\/www.voelkel-re.de\/wp-content\/uploads\/KPG_MMS_290824.jpg","datePublished":"2024-08-29T11:04:48+00:00","dateModified":"2024-09-11T10:41:24+00:00","breadcrumb":{"@id":"https:\/\/www.voelkel-re.de\/fr\/kauf-park-goettingen-mediamarkt-ouvre-le-29-08-2024\/#breadcrumb"},"inLanguage":"fr-FR","potentialAction":[{"@type":"ReadAction","target":["https:\/\/www.voelkel-re.de\/fr\/kauf-park-goettingen-mediamarkt-ouvre-le-29-08-2024\/"]}]},{"@type":"ImageObject","inLanguage":"fr-FR","@id":"https:\/\/www.voelkel-re.de\/fr\/kauf-park-goettingen-mediamarkt-ouvre-le-29-08-2024\/#primaryimage","url":"https:\/\/www.voelkel-re.de\/wp-content\/uploads\/KPG_MMS_290824.jpg","contentUrl":"https:\/\/www.voelkel-re.de\/wp-content\/uploads\/KPG_MMS_290824.jpg","width":768,"height":768,"caption":"Im Kauf Park G\u00f6ttingen"},{"@type":"BreadcrumbList","@id":"https:\/\/www.voelkel-re.de\/fr\/kauf-park-goettingen-mediamarkt-ouvre-le-29-08-2024\/#breadcrumb","itemListElement":[{"@type":"ListItem","position":1,"name":"Startseite","item":"https:\/\/www.voelkel-re.de\/fr\/"},{"@type":"ListItem","position":2,"name":"Kauf Park G\u00f6ttingen &#8211; MediaMarkt ouvre le 29.08.2024"}]},{"@type":"WebSite","@id":"https:\/\/www.voelkel-re.de\/#website","url":"https:\/\/www.voelkel-re.de\/","name":"V\u00d6LKEL Real Estate | Hamburg","description":"Immobiliendienstleistungen f\u00fcr Handels- und Gewerbeimmobilien","publisher":{"@id":"https:\/\/www.voelkel-re.de\/#organization"},"potentialAction":[{"@type":"SearchAction","target":{"@type":"EntryPoint","urlTemplate":"https:\/\/www.voelkel-re.de\/?s={search_term_string}"},"query-input":{"@type":"PropertyValueSpecification","valueRequired":true,"valueName":"search_term_string"}}],"inLanguage":"fr-FR"},{"@type":"Organization","@id":"https:\/\/www.voelkel-re.de\/#organization","name":"V\u00d6LKEL Real Estate | Hamburg","url":"https:\/\/www.voelkel-re.de\/","logo":{"@type":"ImageObject","inLanguage":"fr-FR","@id":"https:\/\/www.voelkel-re.de\/#\/schema\/logo\/image\/","url":"https:\/\/www.voelkel-re.de\/wp-content\/uploads\/VOELKEL-Logo.jpg","contentUrl":"https:\/\/www.voelkel-re.de\/wp-content\/uploads\/VOELKEL-Logo.jpg","width":1600,"height":900,"caption":"V\u00d6LKEL Real Estate | Hamburg"},"image":{"@id":"https:\/\/www.voelkel-re.de\/#\/schema\/logo\/image\/"},"sameAs":["https:\/\/de.linkedin.com\/company\/voelkel-real-estate"]},{"@type":"Person","@id":"https:\/\/www.voelkel-re.de\/#\/schema\/person\/f5b8fbc369b1342588b6105161cb7456","name":"office@voelkel-re.de","url":"https:\/\/www.voelkel-re.de\/fr\/author\/officevoelkel-re-de\/"}]}},"_links":{"self":[{"href":"https:\/\/www.voelkel-re.de\/fr\/wp-json\/wp\/v2\/posts\/4890","targetHints":{"allow":["GET"]}}],"collection":[{"href":"https:\/\/www.voelkel-re.de\/fr\/wp-json\/wp\/v2\/posts"}],"about":[{"href":"https:\/\/www.voelkel-re.de\/fr\/wp-json\/wp\/v2\/types\/post"}],"author":[{"embeddable":true,"href":"https:\/\/www.voelkel-re.de\/fr\/wp-json\/wp\/v2\/users\/4"}],"replies":[{"embeddable":true,"href":"https:\/\/www.voelkel-re.de\/fr\/wp-json\/wp\/v2\/comments?post=4890"}],"version-history":[{"count":1,"href":"https:\/\/www.voelkel-re.de\/fr\/wp-json\/wp\/v2\/posts\/4890\/revisions"}],"predecessor-version":[{"id":4891,"href":"https:\/\/www.voelkel-re.de\/fr\/wp-json\/wp\/v2\/posts\/4890\/revisions\/4891"}],"wp:featuredmedia":[{"embeddable":true,"href":"https:\/\/www.voelkel-re.de\/fr\/wp-json\/wp\/v2\/media\/4761"}],"wp:attachment":[{"href":"https:\/\/www.voelkel-re.de\/fr\/wp-json\/wp\/v2\/media?parent=4890"}],"wp:term":[{"taxonomy":"category","embeddable":true,"href":"https:\/\/www.voelkel-re.de\/fr\/wp-json\/wp\/v2\/categories?post=4890"},{"taxonomy":"post_tag","embeddable":true,"href":"https:\/\/www.voelkel-re.de\/fr\/wp-json\/wp\/v2\/tags?post=4890"}],"curies":[{"name":"wp","href":"https:\/\/api.w.org\/{rel}","templated":true}]}}