{"id":4884,"date":"2024-09-09T14:14:19","date_gmt":"2024-09-09T12:14:19","guid":{"rendered":"https:\/\/www.voelkel-re.de\/voelkel-a-lexpo-real-2024-a-bientot\/"},"modified":"2024-09-11T12:39:53","modified_gmt":"2024-09-11T10:39:53","slug":"voelkel-a-lexpo-real-2024-a-bientot","status":"publish","type":"post","link":"https:\/\/www.voelkel-re.de\/fr\/voelkel-a-lexpo-real-2024-a-bientot\/","title":{"rendered":"V\u00d6LKEL \u00c0 L&#8217;EXPO REAL 2024 &#8211; \u00c0 BIENT\u00d4T ?"},"content":{"rendered":"\n<p>Le compte \u00e0 rebours a commenc\u00e9 &#8211; expo real, le rendez-vous des professionnels de l&#8217;immobilier, est sur le point d&#8217;ouvrir ses portes.<\/p>\n\n<p>Cette ann\u00e9e encore, V\u00d6LKEL sera pr\u00e9sent en tant que partenaire de la ville de Hambourg dans le hall B2, stand 430.<\/p>\n\n<p>Rencontrez nos experts en RH, gestion d&#8217;actifs, leasing, gestion de centre, gestion de propri\u00e9t\u00e9, gestion de projet et consulting.<\/p>\n\n<p>Cette ann\u00e9e, nos coll\u00e8gues Svenja Scheibe, Anne Schwegler, Dirk V\u00f6lkel, Mario Zanolli, R\u00fcdiger Hampe, Jens Horeis, Philip B\u00e4hr et Philipp Schr\u00f6der seront de la partie,<\/p>\n\n<p>Prenez rendez-vous d\u00e8s maintenant et inscrivez-vous en utilisant le pdf ci-dessous.<\/p>\n\n<p><strong><a href=\"https:\/\/www.voelkel-re.de\/wp-content\/uploads\/Terminvereinbarung_EXPO_REAL_2024_Muenchen_2.pdf\" target=\"_blank\" rel=\"noreferrer noopener\"><\/a><a href=\"https:\/\/www.voelkel-re.de\/wp-content\/uploads\/Terminvereinbarung_EXPO_REAL_2024_Muenchen_2.pdf\">Pour prendre rendez-vous<\/a><\/strong><\/p>\n\n<p>Nous vous attendons avec impatience.  <\/p>\n\n<p><\/p>\n","protected":false},"excerpt":{"rendered":"<p>Le compte \u00e0 rebours a commenc\u00e9 &#8211; expo real, le rendez-vous des professionnels de l&#8217;immobilier, est sur le point d&#8217;ouvrir ses portes. Cette ann\u00e9e encore, V\u00d6LKEL sera pr\u00e9sent en tant que partenaire de la ville de Hambourg dans le hall B2, stand 430. Rencontrez nos experts en RH, gestion d&#8217;actifs, leasing, gestion de centre, gestion [&hellip;]<\/p>\n","protected":false},"author":4,"featured_media":4854,"comment_status":"closed","ping_status":"closed","sticky":false,"template":"","format":"standard","meta":{"_acf_changed":false,"footnotes":""},"categories":[30],"tags":[],"class_list":["post-4884","post","type-post","status-publish","format-standard","has-post-thumbnail","hentry","category-non-classifiee"],"acf":[],"yoast_head":"<!-- This site is optimized with the Yoast SEO plugin v27.5 - https:\/\/yoast.com\/product\/yoast-seo-wordpress\/ -->\n<title>V\u00d6LKEL \u00c0 L&#039;EXPO REAL 2024 - \u00c0 BIENT\u00d4T ? - V\u00d6LKEL Real Estate | Hamburg<\/title>\n<meta name=\"robots\" content=\"index, follow, max-snippet:-1, max-image-preview:large, max-video-preview:-1\" \/>\n<link rel=\"canonical\" href=\"https:\/\/www.voelkel-re.de\/fr\/voelkel-a-lexpo-real-2024-a-bientot\/\" \/>\n<meta property=\"og:locale\" content=\"fr_FR\" \/>\n<meta property=\"og:type\" content=\"article\" \/>\n<meta property=\"og:title\" content=\"V\u00d6LKEL \u00c0 L&#039;EXPO REAL 2024 - \u00c0 BIENT\u00d4T ? - V\u00d6LKEL Real Estate | Hamburg\" \/>\n<meta property=\"og:description\" content=\"Le compte \u00e0 rebours a commenc\u00e9 &#8211; expo real, le rendez-vous des professionnels de l&#8217;immobilier, est sur le point d&#8217;ouvrir ses portes. Cette ann\u00e9e encore, V\u00d6LKEL sera pr\u00e9sent en tant que partenaire de la ville de Hambourg dans le hall B2, stand 430. Rencontrez nos experts en RH, gestion d&#8217;actifs, leasing, gestion de centre, gestion [&hellip;]\" \/>\n<meta property=\"og:url\" content=\"https:\/\/www.voelkel-re.de\/fr\/voelkel-a-lexpo-real-2024-a-bientot\/\" \/>\n<meta property=\"og:site_name\" content=\"V\u00d6LKEL Real Estate | Hamburg\" \/>\n<meta property=\"article:published_time\" content=\"2024-09-09T12:14:19+00:00\" \/>\n<meta property=\"article:modified_time\" content=\"2024-09-11T10:39:53+00:00\" \/>\n<meta property=\"og:image\" content=\"https:\/\/www.voelkel-re.de\/wp-content\/uploads\/EXPO_Banner_HP4.png\" \/>\n\t<meta property=\"og:image:width\" content=\"941\" \/>\n\t<meta property=\"og:image:height\" content=\"565\" \/>\n\t<meta property=\"og:image:type\" content=\"image\/png\" \/>\n<meta name=\"author\" content=\"office@voelkel-re.de\" \/>\n<meta name=\"twitter:card\" content=\"summary_large_image\" \/>\n<meta name=\"twitter:label1\" content=\"\u00c9crit par\" \/>\n\t<meta name=\"twitter:data1\" content=\"office@voelkel-re.de\" \/>\n\t<meta name=\"twitter:label2\" content=\"Dur\u00e9e de lecture estim\u00e9e\" \/>\n\t<meta name=\"twitter:data2\" content=\"1 minute\" \/>\n<script type=\"application\/ld+json\" class=\"yoast-schema-graph\">{\"@context\":\"https:\\\/\\\/schema.org\",\"@graph\":[{\"@type\":\"Article\",\"@id\":\"https:\\\/\\\/www.voelkel-re.de\\\/fr\\\/voelkel-a-lexpo-real-2024-a-bientot\\\/#article\",\"isPartOf\":{\"@id\":\"https:\\\/\\\/www.voelkel-re.de\\\/fr\\\/voelkel-a-lexpo-real-2024-a-bientot\\\/\"},\"author\":{\"name\":\"office@voelkel-re.de\",\"@id\":\"https:\\\/\\\/www.voelkel-re.de\\\/#\\\/schema\\\/person\\\/f5b8fbc369b1342588b6105161cb7456\"},\"headline\":\"V\u00d6LKEL \u00c0 L&#8217;EXPO REAL 2024 &#8211; \u00c0 BIENT\u00d4T ?\",\"datePublished\":\"2024-09-09T12:14:19+00:00\",\"dateModified\":\"2024-09-11T10:39:53+00:00\",\"mainEntityOfPage\":{\"@id\":\"https:\\\/\\\/www.voelkel-re.de\\\/fr\\\/voelkel-a-lexpo-real-2024-a-bientot\\\/\"},\"wordCount\":126,\"publisher\":{\"@id\":\"https:\\\/\\\/www.voelkel-re.de\\\/#organization\"},\"image\":{\"@id\":\"https:\\\/\\\/www.voelkel-re.de\\\/fr\\\/voelkel-a-lexpo-real-2024-a-bientot\\\/#primaryimage\"},\"thumbnailUrl\":\"https:\\\/\\\/www.voelkel-re.de\\\/wp-content\\\/uploads\\\/EXPO_Banner_HP4.png\",\"articleSection\":[\"Non classifi\u00e9(e)\"],\"inLanguage\":\"fr-FR\"},{\"@type\":\"WebPage\",\"@id\":\"https:\\\/\\\/www.voelkel-re.de\\\/fr\\\/voelkel-a-lexpo-real-2024-a-bientot\\\/\",\"url\":\"https:\\\/\\\/www.voelkel-re.de\\\/fr\\\/voelkel-a-lexpo-real-2024-a-bientot\\\/\",\"name\":\"V\u00d6LKEL \u00c0 L'EXPO REAL 2024 - \u00c0 BIENT\u00d4T ? - V\u00d6LKEL Real Estate | Hamburg\",\"isPartOf\":{\"@id\":\"https:\\\/\\\/www.voelkel-re.de\\\/#website\"},\"primaryImageOfPage\":{\"@id\":\"https:\\\/\\\/www.voelkel-re.de\\\/fr\\\/voelkel-a-lexpo-real-2024-a-bientot\\\/#primaryimage\"},\"image\":{\"@id\":\"https:\\\/\\\/www.voelkel-re.de\\\/fr\\\/voelkel-a-lexpo-real-2024-a-bientot\\\/#primaryimage\"},\"thumbnailUrl\":\"https:\\\/\\\/www.voelkel-re.de\\\/wp-content\\\/uploads\\\/EXPO_Banner_HP4.png\",\"datePublished\":\"2024-09-09T12:14:19+00:00\",\"dateModified\":\"2024-09-11T10:39:53+00:00\",\"breadcrumb\":{\"@id\":\"https:\\\/\\\/www.voelkel-re.de\\\/fr\\\/voelkel-a-lexpo-real-2024-a-bientot\\\/#breadcrumb\"},\"inLanguage\":\"fr-FR\",\"potentialAction\":[{\"@type\":\"ReadAction\",\"target\":[\"https:\\\/\\\/www.voelkel-re.de\\\/fr\\\/voelkel-a-lexpo-real-2024-a-bientot\\\/\"]}]},{\"@type\":\"ImageObject\",\"inLanguage\":\"fr-FR\",\"@id\":\"https:\\\/\\\/www.voelkel-re.de\\\/fr\\\/voelkel-a-lexpo-real-2024-a-bientot\\\/#primaryimage\",\"url\":\"https:\\\/\\\/www.voelkel-re.de\\\/wp-content\\\/uploads\\\/EXPO_Banner_HP4.png\",\"contentUrl\":\"https:\\\/\\\/www.voelkel-re.de\\\/wp-content\\\/uploads\\\/EXPO_Banner_HP4.png\",\"width\":941,\"height\":565},{\"@type\":\"BreadcrumbList\",\"@id\":\"https:\\\/\\\/www.voelkel-re.de\\\/fr\\\/voelkel-a-lexpo-real-2024-a-bientot\\\/#breadcrumb\",\"itemListElement\":[{\"@type\":\"ListItem\",\"position\":1,\"name\":\"Startseite\",\"item\":\"https:\\\/\\\/www.voelkel-re.de\\\/fr\\\/\"},{\"@type\":\"ListItem\",\"position\":2,\"name\":\"V\u00d6LKEL \u00c0 L&#8217;EXPO REAL 2024 &#8211; \u00c0 BIENT\u00d4T ?\"}]},{\"@type\":\"WebSite\",\"@id\":\"https:\\\/\\\/www.voelkel-re.de\\\/#website\",\"url\":\"https:\\\/\\\/www.voelkel-re.de\\\/\",\"name\":\"V\u00d6LKEL Real Estate | Hamburg\",\"description\":\"Immobiliendienstleistungen f\u00fcr Handels- und Gewerbeimmobilien\",\"publisher\":{\"@id\":\"https:\\\/\\\/www.voelkel-re.de\\\/#organization\"},\"potentialAction\":[{\"@type\":\"SearchAction\",\"target\":{\"@type\":\"EntryPoint\",\"urlTemplate\":\"https:\\\/\\\/www.voelkel-re.de\\\/?s={search_term_string}\"},\"query-input\":{\"@type\":\"PropertyValueSpecification\",\"valueRequired\":true,\"valueName\":\"search_term_string\"}}],\"inLanguage\":\"fr-FR\"},{\"@type\":\"Organization\",\"@id\":\"https:\\\/\\\/www.voelkel-re.de\\\/#organization\",\"name\":\"V\u00d6LKEL Real Estate | Hamburg\",\"url\":\"https:\\\/\\\/www.voelkel-re.de\\\/\",\"logo\":{\"@type\":\"ImageObject\",\"inLanguage\":\"fr-FR\",\"@id\":\"https:\\\/\\\/www.voelkel-re.de\\\/#\\\/schema\\\/logo\\\/image\\\/\",\"url\":\"https:\\\/\\\/www.voelkel-re.de\\\/wp-content\\\/uploads\\\/VOELKEL-Logo.jpg\",\"contentUrl\":\"https:\\\/\\\/www.voelkel-re.de\\\/wp-content\\\/uploads\\\/VOELKEL-Logo.jpg\",\"width\":1600,\"height\":900,\"caption\":\"V\u00d6LKEL Real Estate | Hamburg\"},\"image\":{\"@id\":\"https:\\\/\\\/www.voelkel-re.de\\\/#\\\/schema\\\/logo\\\/image\\\/\"},\"sameAs\":[\"https:\\\/\\\/de.linkedin.com\\\/company\\\/voelkel-real-estate\"]},{\"@type\":\"Person\",\"@id\":\"https:\\\/\\\/www.voelkel-re.de\\\/#\\\/schema\\\/person\\\/f5b8fbc369b1342588b6105161cb7456\",\"name\":\"office@voelkel-re.de\",\"url\":\"https:\\\/\\\/www.voelkel-re.de\\\/fr\\\/author\\\/officevoelkel-re-de\\\/\"}]}<\/script>\n<!-- \/ Yoast SEO plugin. -->","yoast_head_json":{"title":"V\u00d6LKEL \u00c0 L'EXPO REAL 2024 - \u00c0 BIENT\u00d4T ? - V\u00d6LKEL Real Estate | Hamburg","robots":{"index":"index","follow":"follow","max-snippet":"max-snippet:-1","max-image-preview":"max-image-preview:large","max-video-preview":"max-video-preview:-1"},"canonical":"https:\/\/www.voelkel-re.de\/fr\/voelkel-a-lexpo-real-2024-a-bientot\/","og_locale":"fr_FR","og_type":"article","og_title":"V\u00d6LKEL \u00c0 L'EXPO REAL 2024 - \u00c0 BIENT\u00d4T ? - V\u00d6LKEL Real Estate | Hamburg","og_description":"Le compte \u00e0 rebours a commenc\u00e9 &#8211; expo real, le rendez-vous des professionnels de l&#8217;immobilier, est sur le point d&#8217;ouvrir ses portes. Cette ann\u00e9e encore, V\u00d6LKEL sera pr\u00e9sent en tant que partenaire de la ville de Hambourg dans le hall B2, stand 430. Rencontrez nos experts en RH, gestion d&#8217;actifs, leasing, gestion de centre, gestion [&hellip;]","og_url":"https:\/\/www.voelkel-re.de\/fr\/voelkel-a-lexpo-real-2024-a-bientot\/","og_site_name":"V\u00d6LKEL Real Estate | Hamburg","article_published_time":"2024-09-09T12:14:19+00:00","article_modified_time":"2024-09-11T10:39:53+00:00","og_image":[{"width":941,"height":565,"url":"https:\/\/www.voelkel-re.de\/wp-content\/uploads\/EXPO_Banner_HP4.png","type":"image\/png"}],"author":"office@voelkel-re.de","twitter_card":"summary_large_image","twitter_misc":{"\u00c9crit par":"office@voelkel-re.de","Dur\u00e9e de lecture estim\u00e9e":"1 minute"},"schema":{"@context":"https:\/\/schema.org","@graph":[{"@type":"Article","@id":"https:\/\/www.voelkel-re.de\/fr\/voelkel-a-lexpo-real-2024-a-bientot\/#article","isPartOf":{"@id":"https:\/\/www.voelkel-re.de\/fr\/voelkel-a-lexpo-real-2024-a-bientot\/"},"author":{"name":"office@voelkel-re.de","@id":"https:\/\/www.voelkel-re.de\/#\/schema\/person\/f5b8fbc369b1342588b6105161cb7456"},"headline":"V\u00d6LKEL \u00c0 L&#8217;EXPO REAL 2024 &#8211; \u00c0 BIENT\u00d4T ?","datePublished":"2024-09-09T12:14:19+00:00","dateModified":"2024-09-11T10:39:53+00:00","mainEntityOfPage":{"@id":"https:\/\/www.voelkel-re.de\/fr\/voelkel-a-lexpo-real-2024-a-bientot\/"},"wordCount":126,"publisher":{"@id":"https:\/\/www.voelkel-re.de\/#organization"},"image":{"@id":"https:\/\/www.voelkel-re.de\/fr\/voelkel-a-lexpo-real-2024-a-bientot\/#primaryimage"},"thumbnailUrl":"https:\/\/www.voelkel-re.de\/wp-content\/uploads\/EXPO_Banner_HP4.png","articleSection":["Non classifi\u00e9(e)"],"inLanguage":"fr-FR"},{"@type":"WebPage","@id":"https:\/\/www.voelkel-re.de\/fr\/voelkel-a-lexpo-real-2024-a-bientot\/","url":"https:\/\/www.voelkel-re.de\/fr\/voelkel-a-lexpo-real-2024-a-bientot\/","name":"V\u00d6LKEL \u00c0 L'EXPO REAL 2024 - \u00c0 BIENT\u00d4T ? - V\u00d6LKEL Real Estate | Hamburg","isPartOf":{"@id":"https:\/\/www.voelkel-re.de\/#website"},"primaryImageOfPage":{"@id":"https:\/\/www.voelkel-re.de\/fr\/voelkel-a-lexpo-real-2024-a-bientot\/#primaryimage"},"image":{"@id":"https:\/\/www.voelkel-re.de\/fr\/voelkel-a-lexpo-real-2024-a-bientot\/#primaryimage"},"thumbnailUrl":"https:\/\/www.voelkel-re.de\/wp-content\/uploads\/EXPO_Banner_HP4.png","datePublished":"2024-09-09T12:14:19+00:00","dateModified":"2024-09-11T10:39:53+00:00","breadcrumb":{"@id":"https:\/\/www.voelkel-re.de\/fr\/voelkel-a-lexpo-real-2024-a-bientot\/#breadcrumb"},"inLanguage":"fr-FR","potentialAction":[{"@type":"ReadAction","target":["https:\/\/www.voelkel-re.de\/fr\/voelkel-a-lexpo-real-2024-a-bientot\/"]}]},{"@type":"ImageObject","inLanguage":"fr-FR","@id":"https:\/\/www.voelkel-re.de\/fr\/voelkel-a-lexpo-real-2024-a-bientot\/#primaryimage","url":"https:\/\/www.voelkel-re.de\/wp-content\/uploads\/EXPO_Banner_HP4.png","contentUrl":"https:\/\/www.voelkel-re.de\/wp-content\/uploads\/EXPO_Banner_HP4.png","width":941,"height":565},{"@type":"BreadcrumbList","@id":"https:\/\/www.voelkel-re.de\/fr\/voelkel-a-lexpo-real-2024-a-bientot\/#breadcrumb","itemListElement":[{"@type":"ListItem","position":1,"name":"Startseite","item":"https:\/\/www.voelkel-re.de\/fr\/"},{"@type":"ListItem","position":2,"name":"V\u00d6LKEL \u00c0 L&#8217;EXPO REAL 2024 &#8211; \u00c0 BIENT\u00d4T ?"}]},{"@type":"WebSite","@id":"https:\/\/www.voelkel-re.de\/#website","url":"https:\/\/www.voelkel-re.de\/","name":"V\u00d6LKEL Real Estate | Hamburg","description":"Immobiliendienstleistungen f\u00fcr Handels- und Gewerbeimmobilien","publisher":{"@id":"https:\/\/www.voelkel-re.de\/#organization"},"potentialAction":[{"@type":"SearchAction","target":{"@type":"EntryPoint","urlTemplate":"https:\/\/www.voelkel-re.de\/?s={search_term_string}"},"query-input":{"@type":"PropertyValueSpecification","valueRequired":true,"valueName":"search_term_string"}}],"inLanguage":"fr-FR"},{"@type":"Organization","@id":"https:\/\/www.voelkel-re.de\/#organization","name":"V\u00d6LKEL Real Estate | Hamburg","url":"https:\/\/www.voelkel-re.de\/","logo":{"@type":"ImageObject","inLanguage":"fr-FR","@id":"https:\/\/www.voelkel-re.de\/#\/schema\/logo\/image\/","url":"https:\/\/www.voelkel-re.de\/wp-content\/uploads\/VOELKEL-Logo.jpg","contentUrl":"https:\/\/www.voelkel-re.de\/wp-content\/uploads\/VOELKEL-Logo.jpg","width":1600,"height":900,"caption":"V\u00d6LKEL Real Estate | Hamburg"},"image":{"@id":"https:\/\/www.voelkel-re.de\/#\/schema\/logo\/image\/"},"sameAs":["https:\/\/de.linkedin.com\/company\/voelkel-real-estate"]},{"@type":"Person","@id":"https:\/\/www.voelkel-re.de\/#\/schema\/person\/f5b8fbc369b1342588b6105161cb7456","name":"office@voelkel-re.de","url":"https:\/\/www.voelkel-re.de\/fr\/author\/officevoelkel-re-de\/"}]}},"_links":{"self":[{"href":"https:\/\/www.voelkel-re.de\/fr\/wp-json\/wp\/v2\/posts\/4884","targetHints":{"allow":["GET"]}}],"collection":[{"href":"https:\/\/www.voelkel-re.de\/fr\/wp-json\/wp\/v2\/posts"}],"about":[{"href":"https:\/\/www.voelkel-re.de\/fr\/wp-json\/wp\/v2\/types\/post"}],"author":[{"embeddable":true,"href":"https:\/\/www.voelkel-re.de\/fr\/wp-json\/wp\/v2\/users\/4"}],"replies":[{"embeddable":true,"href":"https:\/\/www.voelkel-re.de\/fr\/wp-json\/wp\/v2\/comments?post=4884"}],"version-history":[{"count":1,"href":"https:\/\/www.voelkel-re.de\/fr\/wp-json\/wp\/v2\/posts\/4884\/revisions"}],"predecessor-version":[{"id":4885,"href":"https:\/\/www.voelkel-re.de\/fr\/wp-json\/wp\/v2\/posts\/4884\/revisions\/4885"}],"wp:featuredmedia":[{"embeddable":true,"href":"https:\/\/www.voelkel-re.de\/fr\/wp-json\/wp\/v2\/media\/4854"}],"wp:attachment":[{"href":"https:\/\/www.voelkel-re.de\/fr\/wp-json\/wp\/v2\/media?parent=4884"}],"wp:term":[{"taxonomy":"category","embeddable":true,"href":"https:\/\/www.voelkel-re.de\/fr\/wp-json\/wp\/v2\/categories?post=4884"},{"taxonomy":"post_tag","embeddable":true,"href":"https:\/\/www.voelkel-re.de\/fr\/wp-json\/wp\/v2\/tags?post=4884"}],"curies":[{"name":"wp","href":"https:\/\/api.w.org\/{rel}","templated":true}]}}