{"id":4583,"date":"2024-05-08T10:57:14","date_gmt":"2024-05-08T08:57:14","guid":{"rendered":"https:\/\/www.voelkel-re.de\/voelkel-negocie-une-cooperation-entre-bluerock-group-et-luniversite-ebs-deconomie-et-de-droit\/"},"modified":"2024-05-08T10:57:47","modified_gmt":"2024-05-08T08:57:47","slug":"voelkel-negocie-une-cooperation-entre-bluerock-group-et-luniversite-ebs-deconomie-et-de-droit","status":"publish","type":"post","link":"https:\/\/www.voelkel-re.de\/fr\/voelkel-negocie-une-cooperation-entre-bluerock-group-et-luniversite-ebs-deconomie-et-de-droit\/","title":{"rendered":"V\u00d6LKEL n\u00e9gocie une coop\u00e9ration entre BlueRock Group et l&#8217;universit\u00e9 EBS d&#8217;\u00e9conomie et de droit"},"content":{"rendered":"\n<p>Le fait que Blue Rock Group ait accept\u00e9 la demande de coop\u00e9ration de l&#8217;@EBS Universit\u00e4t f\u00fcr Wirtschaft und Recht par l&#8217;interm\u00e9diaire de V\u00d6LKEL Real Estate montre \u00e0 quel point la collaboration entre les deux entreprises s&#8217;est d\u00e9velopp\u00e9e en toute confiance, m\u00eame en dehors des affaires courantes. V\u00d6LKEL est un promoteur actif du programme de master Real Estate &amp; Leadership. Dirk V\u00f6lkel a particip\u00e9 pendant plus de 5 ans \u00e0 la cr\u00e9ation et \u00e0 l&#8217;\u00e9tablissement de la Real Estate &amp; Leadership Foundation en tant que membre du conseil d&#8217;administration. Pour BlueRock Group, il est important d&#8217;encourager les jeunes talents du secteur, et le mieux est de le faire de mani\u00e8re pratique. Concr\u00e8tement, il s&#8217;agissait pour les \u00e9tudiants d&#8217;une \u00e9tude de cas portant sur deux immeubles de bureaux de BlueRockGroup \u00e0 Eschborn, d&#8217;une surface locative totale d&#8217;environ 15.000 m\u00e8tres carr\u00e9s. Les futurs experts immobiliers du Real Estate Master avaient pour mission de d\u00e9velopper de nouveaux concepts de location pour les biens, en accord avec l&#8217;esprit du temps.<\/p>\n\n<p>Le fait que les deux parties aient tir\u00e9 profit de la coop\u00e9ration mise en place par V\u00d6LKEL renforce la volont\u00e9 de V\u00d6LKEL et de BlueRock de continuer \u00e0 chercher le contact avec les &#8220;jeunes g\u00e9n\u00e9rations de l&#8217;immobilier&#8221;.<\/p>\n","protected":false},"excerpt":{"rendered":"<p>BlueRock Group et EBS Universit\u00e9 d&#8217;\u00e9conomie et de droit<\/p>\n","protected":false},"author":4,"featured_media":4577,"comment_status":"closed","ping_status":"closed","sticky":false,"template":"","format":"standard","meta":{"_acf_changed":false,"footnotes":""},"categories":[30],"tags":[],"class_list":["post-4583","post","type-post","status-publish","format-standard","has-post-thumbnail","hentry","category-non-classifiee"],"acf":[],"yoast_head":"<!-- This site is optimized with the Yoast SEO plugin v27.5 - https:\/\/yoast.com\/product\/yoast-seo-wordpress\/ -->\n<title>V\u00d6LKEL n\u00e9gocie une coop\u00e9ration entre BlueRock Group et l&#039;universit\u00e9 EBS d&#039;\u00e9conomie et de droit - V\u00d6LKEL Real Estate | Hamburg<\/title>\n<meta name=\"robots\" content=\"index, follow, max-snippet:-1, max-image-preview:large, max-video-preview:-1\" \/>\n<link rel=\"canonical\" href=\"https:\/\/www.voelkel-re.de\/fr\/voelkel-negocie-une-cooperation-entre-bluerock-group-et-luniversite-ebs-deconomie-et-de-droit\/\" \/>\n<meta property=\"og:locale\" content=\"fr_FR\" \/>\n<meta property=\"og:type\" content=\"article\" \/>\n<meta property=\"og:title\" content=\"V\u00d6LKEL n\u00e9gocie une coop\u00e9ration entre BlueRock Group et l&#039;universit\u00e9 EBS d&#039;\u00e9conomie et de droit - V\u00d6LKEL Real Estate | Hamburg\" \/>\n<meta property=\"og:description\" content=\"BlueRock Group et EBS Universit\u00e9 d&#039;\u00e9conomie et de droit\" \/>\n<meta property=\"og:url\" content=\"https:\/\/www.voelkel-re.de\/fr\/voelkel-negocie-une-cooperation-entre-bluerock-group-et-luniversite-ebs-deconomie-et-de-droit\/\" \/>\n<meta property=\"og:site_name\" content=\"V\u00d6LKEL Real Estate | Hamburg\" \/>\n<meta property=\"article:published_time\" content=\"2024-05-08T08:57:14+00:00\" \/>\n<meta property=\"article:modified_time\" content=\"2024-05-08T08:57:47+00:00\" \/>\n<meta property=\"og:image\" content=\"https:\/\/www.voelkel-re.de\/wp-content\/uploads\/library-869061_640.jpg\" \/>\n\t<meta property=\"og:image:width\" content=\"640\" \/>\n\t<meta property=\"og:image:height\" content=\"427\" \/>\n\t<meta property=\"og:image:type\" content=\"image\/jpeg\" \/>\n<meta name=\"author\" content=\"office@voelkel-re.de\" \/>\n<meta name=\"twitter:card\" content=\"summary_large_image\" \/>\n<meta name=\"twitter:label1\" content=\"\u00c9crit par\" \/>\n\t<meta name=\"twitter:data1\" content=\"office@voelkel-re.de\" \/>\n\t<meta name=\"twitter:label2\" content=\"Dur\u00e9e de lecture estim\u00e9e\" \/>\n\t<meta name=\"twitter:data2\" content=\"1 minute\" \/>\n<script type=\"application\/ld+json\" class=\"yoast-schema-graph\">{\"@context\":\"https:\\\/\\\/schema.org\",\"@graph\":[{\"@type\":\"Article\",\"@id\":\"https:\\\/\\\/www.voelkel-re.de\\\/fr\\\/voelkel-negocie-une-cooperation-entre-bluerock-group-et-luniversite-ebs-deconomie-et-de-droit\\\/#article\",\"isPartOf\":{\"@id\":\"https:\\\/\\\/www.voelkel-re.de\\\/fr\\\/voelkel-negocie-une-cooperation-entre-bluerock-group-et-luniversite-ebs-deconomie-et-de-droit\\\/\"},\"author\":{\"name\":\"office@voelkel-re.de\",\"@id\":\"https:\\\/\\\/www.voelkel-re.de\\\/#\\\/schema\\\/person\\\/f5b8fbc369b1342588b6105161cb7456\"},\"headline\":\"V\u00d6LKEL n\u00e9gocie une coop\u00e9ration entre BlueRock Group et l&#8217;universit\u00e9 EBS d&#8217;\u00e9conomie et de droit\",\"datePublished\":\"2024-05-08T08:57:14+00:00\",\"dateModified\":\"2024-05-08T08:57:47+00:00\",\"mainEntityOfPage\":{\"@id\":\"https:\\\/\\\/www.voelkel-re.de\\\/fr\\\/voelkel-negocie-une-cooperation-entre-bluerock-group-et-luniversite-ebs-deconomie-et-de-droit\\\/\"},\"wordCount\":247,\"publisher\":{\"@id\":\"https:\\\/\\\/www.voelkel-re.de\\\/#organization\"},\"image\":{\"@id\":\"https:\\\/\\\/www.voelkel-re.de\\\/fr\\\/voelkel-negocie-une-cooperation-entre-bluerock-group-et-luniversite-ebs-deconomie-et-de-droit\\\/#primaryimage\"},\"thumbnailUrl\":\"https:\\\/\\\/www.voelkel-re.de\\\/wp-content\\\/uploads\\\/library-869061_640.jpg\",\"articleSection\":[\"Non classifi\u00e9(e)\"],\"inLanguage\":\"fr-FR\"},{\"@type\":\"WebPage\",\"@id\":\"https:\\\/\\\/www.voelkel-re.de\\\/fr\\\/voelkel-negocie-une-cooperation-entre-bluerock-group-et-luniversite-ebs-deconomie-et-de-droit\\\/\",\"url\":\"https:\\\/\\\/www.voelkel-re.de\\\/fr\\\/voelkel-negocie-une-cooperation-entre-bluerock-group-et-luniversite-ebs-deconomie-et-de-droit\\\/\",\"name\":\"V\u00d6LKEL n\u00e9gocie une coop\u00e9ration entre BlueRock Group et l'universit\u00e9 EBS d'\u00e9conomie et de droit - V\u00d6LKEL Real Estate | Hamburg\",\"isPartOf\":{\"@id\":\"https:\\\/\\\/www.voelkel-re.de\\\/#website\"},\"primaryImageOfPage\":{\"@id\":\"https:\\\/\\\/www.voelkel-re.de\\\/fr\\\/voelkel-negocie-une-cooperation-entre-bluerock-group-et-luniversite-ebs-deconomie-et-de-droit\\\/#primaryimage\"},\"image\":{\"@id\":\"https:\\\/\\\/www.voelkel-re.de\\\/fr\\\/voelkel-negocie-une-cooperation-entre-bluerock-group-et-luniversite-ebs-deconomie-et-de-droit\\\/#primaryimage\"},\"thumbnailUrl\":\"https:\\\/\\\/www.voelkel-re.de\\\/wp-content\\\/uploads\\\/library-869061_640.jpg\",\"datePublished\":\"2024-05-08T08:57:14+00:00\",\"dateModified\":\"2024-05-08T08:57:47+00:00\",\"breadcrumb\":{\"@id\":\"https:\\\/\\\/www.voelkel-re.de\\\/fr\\\/voelkel-negocie-une-cooperation-entre-bluerock-group-et-luniversite-ebs-deconomie-et-de-droit\\\/#breadcrumb\"},\"inLanguage\":\"fr-FR\",\"potentialAction\":[{\"@type\":\"ReadAction\",\"target\":[\"https:\\\/\\\/www.voelkel-re.de\\\/fr\\\/voelkel-negocie-une-cooperation-entre-bluerock-group-et-luniversite-ebs-deconomie-et-de-droit\\\/\"]}]},{\"@type\":\"ImageObject\",\"inLanguage\":\"fr-FR\",\"@id\":\"https:\\\/\\\/www.voelkel-re.de\\\/fr\\\/voelkel-negocie-une-cooperation-entre-bluerock-group-et-luniversite-ebs-deconomie-et-de-droit\\\/#primaryimage\",\"url\":\"https:\\\/\\\/www.voelkel-re.de\\\/wp-content\\\/uploads\\\/library-869061_640.jpg\",\"contentUrl\":\"https:\\\/\\\/www.voelkel-re.de\\\/wp-content\\\/uploads\\\/library-869061_640.jpg\",\"width\":640,\"height\":427},{\"@type\":\"BreadcrumbList\",\"@id\":\"https:\\\/\\\/www.voelkel-re.de\\\/fr\\\/voelkel-negocie-une-cooperation-entre-bluerock-group-et-luniversite-ebs-deconomie-et-de-droit\\\/#breadcrumb\",\"itemListElement\":[{\"@type\":\"ListItem\",\"position\":1,\"name\":\"Startseite\",\"item\":\"https:\\\/\\\/www.voelkel-re.de\\\/fr\\\/\"},{\"@type\":\"ListItem\",\"position\":2,\"name\":\"V\u00d6LKEL n\u00e9gocie une coop\u00e9ration entre BlueRock Group et l&#8217;universit\u00e9 EBS d&#8217;\u00e9conomie et de droit\"}]},{\"@type\":\"WebSite\",\"@id\":\"https:\\\/\\\/www.voelkel-re.de\\\/#website\",\"url\":\"https:\\\/\\\/www.voelkel-re.de\\\/\",\"name\":\"V\u00d6LKEL Real Estate | Hamburg\",\"description\":\"Immobiliendienstleistungen f\u00fcr Handels- und Gewerbeimmobilien\",\"publisher\":{\"@id\":\"https:\\\/\\\/www.voelkel-re.de\\\/#organization\"},\"potentialAction\":[{\"@type\":\"SearchAction\",\"target\":{\"@type\":\"EntryPoint\",\"urlTemplate\":\"https:\\\/\\\/www.voelkel-re.de\\\/?s={search_term_string}\"},\"query-input\":{\"@type\":\"PropertyValueSpecification\",\"valueRequired\":true,\"valueName\":\"search_term_string\"}}],\"inLanguage\":\"fr-FR\"},{\"@type\":\"Organization\",\"@id\":\"https:\\\/\\\/www.voelkel-re.de\\\/#organization\",\"name\":\"V\u00d6LKEL Real Estate | Hamburg\",\"url\":\"https:\\\/\\\/www.voelkel-re.de\\\/\",\"logo\":{\"@type\":\"ImageObject\",\"inLanguage\":\"fr-FR\",\"@id\":\"https:\\\/\\\/www.voelkel-re.de\\\/#\\\/schema\\\/logo\\\/image\\\/\",\"url\":\"https:\\\/\\\/www.voelkel-re.de\\\/wp-content\\\/uploads\\\/VOELKEL-Logo.jpg\",\"contentUrl\":\"https:\\\/\\\/www.voelkel-re.de\\\/wp-content\\\/uploads\\\/VOELKEL-Logo.jpg\",\"width\":1600,\"height\":900,\"caption\":\"V\u00d6LKEL Real Estate | Hamburg\"},\"image\":{\"@id\":\"https:\\\/\\\/www.voelkel-re.de\\\/#\\\/schema\\\/logo\\\/image\\\/\"},\"sameAs\":[\"https:\\\/\\\/de.linkedin.com\\\/company\\\/voelkel-real-estate\"]},{\"@type\":\"Person\",\"@id\":\"https:\\\/\\\/www.voelkel-re.de\\\/#\\\/schema\\\/person\\\/f5b8fbc369b1342588b6105161cb7456\",\"name\":\"office@voelkel-re.de\",\"url\":\"https:\\\/\\\/www.voelkel-re.de\\\/fr\\\/author\\\/officevoelkel-re-de\\\/\"}]}<\/script>\n<!-- \/ Yoast SEO plugin. -->","yoast_head_json":{"title":"V\u00d6LKEL n\u00e9gocie une coop\u00e9ration entre BlueRock Group et l'universit\u00e9 EBS d'\u00e9conomie et de droit - V\u00d6LKEL Real Estate | Hamburg","robots":{"index":"index","follow":"follow","max-snippet":"max-snippet:-1","max-image-preview":"max-image-preview:large","max-video-preview":"max-video-preview:-1"},"canonical":"https:\/\/www.voelkel-re.de\/fr\/voelkel-negocie-une-cooperation-entre-bluerock-group-et-luniversite-ebs-deconomie-et-de-droit\/","og_locale":"fr_FR","og_type":"article","og_title":"V\u00d6LKEL n\u00e9gocie une coop\u00e9ration entre BlueRock Group et l'universit\u00e9 EBS d'\u00e9conomie et de droit - V\u00d6LKEL Real Estate | Hamburg","og_description":"BlueRock Group et EBS Universit\u00e9 d'\u00e9conomie et de droit","og_url":"https:\/\/www.voelkel-re.de\/fr\/voelkel-negocie-une-cooperation-entre-bluerock-group-et-luniversite-ebs-deconomie-et-de-droit\/","og_site_name":"V\u00d6LKEL Real Estate | Hamburg","article_published_time":"2024-05-08T08:57:14+00:00","article_modified_time":"2024-05-08T08:57:47+00:00","og_image":[{"width":640,"height":427,"url":"https:\/\/www.voelkel-re.de\/wp-content\/uploads\/library-869061_640.jpg","type":"image\/jpeg"}],"author":"office@voelkel-re.de","twitter_card":"summary_large_image","twitter_misc":{"\u00c9crit par":"office@voelkel-re.de","Dur\u00e9e de lecture estim\u00e9e":"1 minute"},"schema":{"@context":"https:\/\/schema.org","@graph":[{"@type":"Article","@id":"https:\/\/www.voelkel-re.de\/fr\/voelkel-negocie-une-cooperation-entre-bluerock-group-et-luniversite-ebs-deconomie-et-de-droit\/#article","isPartOf":{"@id":"https:\/\/www.voelkel-re.de\/fr\/voelkel-negocie-une-cooperation-entre-bluerock-group-et-luniversite-ebs-deconomie-et-de-droit\/"},"author":{"name":"office@voelkel-re.de","@id":"https:\/\/www.voelkel-re.de\/#\/schema\/person\/f5b8fbc369b1342588b6105161cb7456"},"headline":"V\u00d6LKEL n\u00e9gocie une coop\u00e9ration entre BlueRock Group et l&#8217;universit\u00e9 EBS d&#8217;\u00e9conomie et de droit","datePublished":"2024-05-08T08:57:14+00:00","dateModified":"2024-05-08T08:57:47+00:00","mainEntityOfPage":{"@id":"https:\/\/www.voelkel-re.de\/fr\/voelkel-negocie-une-cooperation-entre-bluerock-group-et-luniversite-ebs-deconomie-et-de-droit\/"},"wordCount":247,"publisher":{"@id":"https:\/\/www.voelkel-re.de\/#organization"},"image":{"@id":"https:\/\/www.voelkel-re.de\/fr\/voelkel-negocie-une-cooperation-entre-bluerock-group-et-luniversite-ebs-deconomie-et-de-droit\/#primaryimage"},"thumbnailUrl":"https:\/\/www.voelkel-re.de\/wp-content\/uploads\/library-869061_640.jpg","articleSection":["Non classifi\u00e9(e)"],"inLanguage":"fr-FR"},{"@type":"WebPage","@id":"https:\/\/www.voelkel-re.de\/fr\/voelkel-negocie-une-cooperation-entre-bluerock-group-et-luniversite-ebs-deconomie-et-de-droit\/","url":"https:\/\/www.voelkel-re.de\/fr\/voelkel-negocie-une-cooperation-entre-bluerock-group-et-luniversite-ebs-deconomie-et-de-droit\/","name":"V\u00d6LKEL n\u00e9gocie une coop\u00e9ration entre BlueRock Group et l'universit\u00e9 EBS d'\u00e9conomie et de droit - V\u00d6LKEL Real Estate | Hamburg","isPartOf":{"@id":"https:\/\/www.voelkel-re.de\/#website"},"primaryImageOfPage":{"@id":"https:\/\/www.voelkel-re.de\/fr\/voelkel-negocie-une-cooperation-entre-bluerock-group-et-luniversite-ebs-deconomie-et-de-droit\/#primaryimage"},"image":{"@id":"https:\/\/www.voelkel-re.de\/fr\/voelkel-negocie-une-cooperation-entre-bluerock-group-et-luniversite-ebs-deconomie-et-de-droit\/#primaryimage"},"thumbnailUrl":"https:\/\/www.voelkel-re.de\/wp-content\/uploads\/library-869061_640.jpg","datePublished":"2024-05-08T08:57:14+00:00","dateModified":"2024-05-08T08:57:47+00:00","breadcrumb":{"@id":"https:\/\/www.voelkel-re.de\/fr\/voelkel-negocie-une-cooperation-entre-bluerock-group-et-luniversite-ebs-deconomie-et-de-droit\/#breadcrumb"},"inLanguage":"fr-FR","potentialAction":[{"@type":"ReadAction","target":["https:\/\/www.voelkel-re.de\/fr\/voelkel-negocie-une-cooperation-entre-bluerock-group-et-luniversite-ebs-deconomie-et-de-droit\/"]}]},{"@type":"ImageObject","inLanguage":"fr-FR","@id":"https:\/\/www.voelkel-re.de\/fr\/voelkel-negocie-une-cooperation-entre-bluerock-group-et-luniversite-ebs-deconomie-et-de-droit\/#primaryimage","url":"https:\/\/www.voelkel-re.de\/wp-content\/uploads\/library-869061_640.jpg","contentUrl":"https:\/\/www.voelkel-re.de\/wp-content\/uploads\/library-869061_640.jpg","width":640,"height":427},{"@type":"BreadcrumbList","@id":"https:\/\/www.voelkel-re.de\/fr\/voelkel-negocie-une-cooperation-entre-bluerock-group-et-luniversite-ebs-deconomie-et-de-droit\/#breadcrumb","itemListElement":[{"@type":"ListItem","position":1,"name":"Startseite","item":"https:\/\/www.voelkel-re.de\/fr\/"},{"@type":"ListItem","position":2,"name":"V\u00d6LKEL n\u00e9gocie une coop\u00e9ration entre BlueRock Group et l&#8217;universit\u00e9 EBS d&#8217;\u00e9conomie et de droit"}]},{"@type":"WebSite","@id":"https:\/\/www.voelkel-re.de\/#website","url":"https:\/\/www.voelkel-re.de\/","name":"V\u00d6LKEL Real Estate | Hamburg","description":"Immobiliendienstleistungen f\u00fcr Handels- und Gewerbeimmobilien","publisher":{"@id":"https:\/\/www.voelkel-re.de\/#organization"},"potentialAction":[{"@type":"SearchAction","target":{"@type":"EntryPoint","urlTemplate":"https:\/\/www.voelkel-re.de\/?s={search_term_string}"},"query-input":{"@type":"PropertyValueSpecification","valueRequired":true,"valueName":"search_term_string"}}],"inLanguage":"fr-FR"},{"@type":"Organization","@id":"https:\/\/www.voelkel-re.de\/#organization","name":"V\u00d6LKEL Real Estate | Hamburg","url":"https:\/\/www.voelkel-re.de\/","logo":{"@type":"ImageObject","inLanguage":"fr-FR","@id":"https:\/\/www.voelkel-re.de\/#\/schema\/logo\/image\/","url":"https:\/\/www.voelkel-re.de\/wp-content\/uploads\/VOELKEL-Logo.jpg","contentUrl":"https:\/\/www.voelkel-re.de\/wp-content\/uploads\/VOELKEL-Logo.jpg","width":1600,"height":900,"caption":"V\u00d6LKEL Real Estate | Hamburg"},"image":{"@id":"https:\/\/www.voelkel-re.de\/#\/schema\/logo\/image\/"},"sameAs":["https:\/\/de.linkedin.com\/company\/voelkel-real-estate"]},{"@type":"Person","@id":"https:\/\/www.voelkel-re.de\/#\/schema\/person\/f5b8fbc369b1342588b6105161cb7456","name":"office@voelkel-re.de","url":"https:\/\/www.voelkel-re.de\/fr\/author\/officevoelkel-re-de\/"}]}},"_links":{"self":[{"href":"https:\/\/www.voelkel-re.de\/fr\/wp-json\/wp\/v2\/posts\/4583","targetHints":{"allow":["GET"]}}],"collection":[{"href":"https:\/\/www.voelkel-re.de\/fr\/wp-json\/wp\/v2\/posts"}],"about":[{"href":"https:\/\/www.voelkel-re.de\/fr\/wp-json\/wp\/v2\/types\/post"}],"author":[{"embeddable":true,"href":"https:\/\/www.voelkel-re.de\/fr\/wp-json\/wp\/v2\/users\/4"}],"replies":[{"embeddable":true,"href":"https:\/\/www.voelkel-re.de\/fr\/wp-json\/wp\/v2\/comments?post=4583"}],"version-history":[{"count":1,"href":"https:\/\/www.voelkel-re.de\/fr\/wp-json\/wp\/v2\/posts\/4583\/revisions"}],"predecessor-version":[{"id":4584,"href":"https:\/\/www.voelkel-re.de\/fr\/wp-json\/wp\/v2\/posts\/4583\/revisions\/4584"}],"wp:featuredmedia":[{"embeddable":true,"href":"https:\/\/www.voelkel-re.de\/fr\/wp-json\/wp\/v2\/media\/4577"}],"wp:attachment":[{"href":"https:\/\/www.voelkel-re.de\/fr\/wp-json\/wp\/v2\/media?parent=4583"}],"wp:term":[{"taxonomy":"category","embeddable":true,"href":"https:\/\/www.voelkel-re.de\/fr\/wp-json\/wp\/v2\/categories?post=4583"},{"taxonomy":"post_tag","embeddable":true,"href":"https:\/\/www.voelkel-re.de\/fr\/wp-json\/wp\/v2\/tags?post=4583"}],"curies":[{"name":"wp","href":"https:\/\/api.w.org\/{rel}","templated":true}]}}