{"id":4529,"date":"2024-04-02T12:58:31","date_gmt":"2024-04-02T10:58:31","guid":{"rendered":"https:\/\/www.voelkel-re.de\/voelkel-accueille-camp-david-et-soccx-au-market-oberfranken-a-hallstadt\/"},"modified":"2024-04-02T12:59:04","modified_gmt":"2024-04-02T10:59:04","slug":"voelkel-accueille-camp-david-et-soccx-au-market-oberfranken-a-hallstadt","status":"publish","type":"post","link":"https:\/\/www.voelkel-re.de\/fr\/voelkel-accueille-camp-david-et-soccx-au-market-oberfranken-a-hallstadt\/","title":{"rendered":"V\u00d6LKEL accueille CAMP DAVID et SOCCX au market Oberfranken \u00e0 Hallstadt"},"content":{"rendered":"\n<h2 class=\"wp-block-heading\">L&#8217;ouverture a \u00e9t\u00e9 c\u00e9l\u00e9br\u00e9e apr\u00e8s un temps de transformation record de deux semaines<\/h2>\n\n<p>La soci\u00e9t\u00e9 de commerce de gros Clinton revient sur le march\u00e9 de Haute-Franconie avec ses deux concepts CAMP DAVID et SOCCX. Apr\u00e8s que le franchis\u00e9 de l&#8217;\u00e9poque ait quitt\u00e9 le site en f\u00e9vrier 2022 pour des raisons personnelles, V\u00d6LKEL Real Estate a r\u00e9ussi \u00e0 mettre \u00e0 disposition de CAMP DAVID et SOCCX une surface dans le market Oberfranken. Avec ses lignes de v\u00eatements CAMP DAVID, qui allie des collections masculines haut de gamme \u00e0 un style de vie authentique, et sa marque SOCCX- The Womans&#8217;s, qui est synonyme de mode f\u00e9minine color\u00e9e de qualit\u00e9, Clinton enrichit le m\u00e9lange de branches du march\u00e9 de Haute-Franconie. &#8220;Nous sommes heureux d&#8217;\u00eatre \u00e0 nouveau repr\u00e9sent\u00e9s dans la r\u00e9gion de Hallstadt\/Bamberg par notre propre magasin&#8221;, d\u00e9clare le directeur Mathias Voigt. La directrice du centre, Martina Schmitt, est \u00e9galement fi\u00e8re que Clinton ait fait preuve d&#8217;autant de pers\u00e9v\u00e9rance pour s&#8217;implanter sur le site et que V\u00d6LKEL ait pu faire venir \u00e0 Hallstadt des marques connues entre autres gr\u00e2ce \u00e0 Dieter Bohlen et Carina. En un temps de transformation record de deux semaines, Clinton a am\u00e9nag\u00e9 la surface, de sorte que l&#8217;ouverture a pu \u00eatre c\u00e9l\u00e9br\u00e9e avant les f\u00eates de P\u00e2ques.<\/p>\n","protected":false},"excerpt":{"rendered":"<p>CAMP DAVID \/ SOCCX ouvre dans le market Oberfranken<\/p>\n","protected":false},"author":4,"featured_media":4523,"comment_status":"closed","ping_status":"closed","sticky":false,"template":"","format":"standard","meta":{"_acf_changed":false,"footnotes":""},"categories":[30],"tags":[],"class_list":["post-4529","post","type-post","status-publish","format-standard","has-post-thumbnail","hentry","category-non-classifiee"],"acf":[],"yoast_head":"<!-- This site is optimized with the Yoast SEO plugin v27.5 - https:\/\/yoast.com\/product\/yoast-seo-wordpress\/ -->\n<title>V\u00d6LKEL accueille CAMP DAVID et SOCCX au market Oberfranken \u00e0 Hallstadt - V\u00d6LKEL Real Estate | Hamburg<\/title>\n<meta name=\"robots\" content=\"index, follow, max-snippet:-1, max-image-preview:large, max-video-preview:-1\" \/>\n<link rel=\"canonical\" href=\"https:\/\/www.voelkel-re.de\/fr\/voelkel-accueille-camp-david-et-soccx-au-market-oberfranken-a-hallstadt\/\" \/>\n<meta property=\"og:locale\" content=\"fr_FR\" \/>\n<meta property=\"og:type\" content=\"article\" \/>\n<meta property=\"og:title\" content=\"V\u00d6LKEL accueille CAMP DAVID et SOCCX au market Oberfranken \u00e0 Hallstadt - V\u00d6LKEL Real Estate | Hamburg\" \/>\n<meta property=\"og:description\" content=\"CAMP DAVID \/ SOCCX ouvre dans le market Oberfranken\" \/>\n<meta property=\"og:url\" content=\"https:\/\/www.voelkel-re.de\/fr\/voelkel-accueille-camp-david-et-soccx-au-market-oberfranken-a-hallstadt\/\" \/>\n<meta property=\"og:site_name\" content=\"V\u00d6LKEL Real Estate | Hamburg\" \/>\n<meta property=\"article:published_time\" content=\"2024-04-02T10:58:31+00:00\" \/>\n<meta property=\"article:modified_time\" content=\"2024-04-02T10:59:04+00:00\" \/>\n<meta property=\"og:image\" content=\"https:\/\/www.voelkel-re.de\/wp-content\/uploads\/IMG_2539-scaled.jpg\" \/>\n\t<meta property=\"og:image:width\" content=\"2048\" \/>\n\t<meta property=\"og:image:height\" content=\"1536\" \/>\n\t<meta property=\"og:image:type\" content=\"image\/jpeg\" \/>\n<meta name=\"author\" content=\"office@voelkel-re.de\" \/>\n<meta name=\"twitter:card\" content=\"summary_large_image\" \/>\n<meta name=\"twitter:label1\" content=\"\u00c9crit par\" \/>\n\t<meta name=\"twitter:data1\" content=\"office@voelkel-re.de\" \/>\n\t<meta name=\"twitter:label2\" content=\"Dur\u00e9e de lecture estim\u00e9e\" \/>\n\t<meta name=\"twitter:data2\" content=\"1 minute\" \/>\n<script type=\"application\/ld+json\" class=\"yoast-schema-graph\">{\"@context\":\"https:\\\/\\\/schema.org\",\"@graph\":[{\"@type\":\"Article\",\"@id\":\"https:\\\/\\\/www.voelkel-re.de\\\/fr\\\/voelkel-accueille-camp-david-et-soccx-au-market-oberfranken-a-hallstadt\\\/#article\",\"isPartOf\":{\"@id\":\"https:\\\/\\\/www.voelkel-re.de\\\/fr\\\/voelkel-accueille-camp-david-et-soccx-au-market-oberfranken-a-hallstadt\\\/\"},\"author\":{\"name\":\"office@voelkel-re.de\",\"@id\":\"https:\\\/\\\/www.voelkel-re.de\\\/#\\\/schema\\\/person\\\/f5b8fbc369b1342588b6105161cb7456\"},\"headline\":\"V\u00d6LKEL accueille CAMP DAVID et SOCCX au market Oberfranken \u00e0 Hallstadt\",\"datePublished\":\"2024-04-02T10:58:31+00:00\",\"dateModified\":\"2024-04-02T10:59:04+00:00\",\"mainEntityOfPage\":{\"@id\":\"https:\\\/\\\/www.voelkel-re.de\\\/fr\\\/voelkel-accueille-camp-david-et-soccx-au-market-oberfranken-a-hallstadt\\\/\"},\"wordCount\":247,\"publisher\":{\"@id\":\"https:\\\/\\\/www.voelkel-re.de\\\/#organization\"},\"image\":{\"@id\":\"https:\\\/\\\/www.voelkel-re.de\\\/fr\\\/voelkel-accueille-camp-david-et-soccx-au-market-oberfranken-a-hallstadt\\\/#primaryimage\"},\"thumbnailUrl\":\"https:\\\/\\\/www.voelkel-re.de\\\/wp-content\\\/uploads\\\/IMG_2539-scaled.jpg\",\"articleSection\":[\"Non classifi\u00e9(e)\"],\"inLanguage\":\"fr-FR\"},{\"@type\":\"WebPage\",\"@id\":\"https:\\\/\\\/www.voelkel-re.de\\\/fr\\\/voelkel-accueille-camp-david-et-soccx-au-market-oberfranken-a-hallstadt\\\/\",\"url\":\"https:\\\/\\\/www.voelkel-re.de\\\/fr\\\/voelkel-accueille-camp-david-et-soccx-au-market-oberfranken-a-hallstadt\\\/\",\"name\":\"V\u00d6LKEL accueille CAMP DAVID et SOCCX au market Oberfranken \u00e0 Hallstadt - V\u00d6LKEL Real Estate | Hamburg\",\"isPartOf\":{\"@id\":\"https:\\\/\\\/www.voelkel-re.de\\\/#website\"},\"primaryImageOfPage\":{\"@id\":\"https:\\\/\\\/www.voelkel-re.de\\\/fr\\\/voelkel-accueille-camp-david-et-soccx-au-market-oberfranken-a-hallstadt\\\/#primaryimage\"},\"image\":{\"@id\":\"https:\\\/\\\/www.voelkel-re.de\\\/fr\\\/voelkel-accueille-camp-david-et-soccx-au-market-oberfranken-a-hallstadt\\\/#primaryimage\"},\"thumbnailUrl\":\"https:\\\/\\\/www.voelkel-re.de\\\/wp-content\\\/uploads\\\/IMG_2539-scaled.jpg\",\"datePublished\":\"2024-04-02T10:58:31+00:00\",\"dateModified\":\"2024-04-02T10:59:04+00:00\",\"breadcrumb\":{\"@id\":\"https:\\\/\\\/www.voelkel-re.de\\\/fr\\\/voelkel-accueille-camp-david-et-soccx-au-market-oberfranken-a-hallstadt\\\/#breadcrumb\"},\"inLanguage\":\"fr-FR\",\"potentialAction\":[{\"@type\":\"ReadAction\",\"target\":[\"https:\\\/\\\/www.voelkel-re.de\\\/fr\\\/voelkel-accueille-camp-david-et-soccx-au-market-oberfranken-a-hallstadt\\\/\"]}]},{\"@type\":\"ImageObject\",\"inLanguage\":\"fr-FR\",\"@id\":\"https:\\\/\\\/www.voelkel-re.de\\\/fr\\\/voelkel-accueille-camp-david-et-soccx-au-market-oberfranken-a-hallstadt\\\/#primaryimage\",\"url\":\"https:\\\/\\\/www.voelkel-re.de\\\/wp-content\\\/uploads\\\/IMG_2539-scaled.jpg\",\"contentUrl\":\"https:\\\/\\\/www.voelkel-re.de\\\/wp-content\\\/uploads\\\/IMG_2539-scaled.jpg\",\"width\":2048,\"height\":1536,\"caption\":\"CAMP DAVID \\\/ SOCCX er\u00f6ffnet im market Oberfranken\"},{\"@type\":\"BreadcrumbList\",\"@id\":\"https:\\\/\\\/www.voelkel-re.de\\\/fr\\\/voelkel-accueille-camp-david-et-soccx-au-market-oberfranken-a-hallstadt\\\/#breadcrumb\",\"itemListElement\":[{\"@type\":\"ListItem\",\"position\":1,\"name\":\"Startseite\",\"item\":\"https:\\\/\\\/www.voelkel-re.de\\\/fr\\\/\"},{\"@type\":\"ListItem\",\"position\":2,\"name\":\"V\u00d6LKEL accueille CAMP DAVID et SOCCX au market Oberfranken \u00e0 Hallstadt\"}]},{\"@type\":\"WebSite\",\"@id\":\"https:\\\/\\\/www.voelkel-re.de\\\/#website\",\"url\":\"https:\\\/\\\/www.voelkel-re.de\\\/\",\"name\":\"V\u00d6LKEL Real Estate | Hamburg\",\"description\":\"Immobiliendienstleistungen f\u00fcr Handels- und Gewerbeimmobilien\",\"publisher\":{\"@id\":\"https:\\\/\\\/www.voelkel-re.de\\\/#organization\"},\"potentialAction\":[{\"@type\":\"SearchAction\",\"target\":{\"@type\":\"EntryPoint\",\"urlTemplate\":\"https:\\\/\\\/www.voelkel-re.de\\\/?s={search_term_string}\"},\"query-input\":{\"@type\":\"PropertyValueSpecification\",\"valueRequired\":true,\"valueName\":\"search_term_string\"}}],\"inLanguage\":\"fr-FR\"},{\"@type\":\"Organization\",\"@id\":\"https:\\\/\\\/www.voelkel-re.de\\\/#organization\",\"name\":\"V\u00d6LKEL Real Estate | Hamburg\",\"url\":\"https:\\\/\\\/www.voelkel-re.de\\\/\",\"logo\":{\"@type\":\"ImageObject\",\"inLanguage\":\"fr-FR\",\"@id\":\"https:\\\/\\\/www.voelkel-re.de\\\/#\\\/schema\\\/logo\\\/image\\\/\",\"url\":\"https:\\\/\\\/www.voelkel-re.de\\\/wp-content\\\/uploads\\\/VOELKEL-Logo.jpg\",\"contentUrl\":\"https:\\\/\\\/www.voelkel-re.de\\\/wp-content\\\/uploads\\\/VOELKEL-Logo.jpg\",\"width\":1600,\"height\":900,\"caption\":\"V\u00d6LKEL Real Estate | Hamburg\"},\"image\":{\"@id\":\"https:\\\/\\\/www.voelkel-re.de\\\/#\\\/schema\\\/logo\\\/image\\\/\"},\"sameAs\":[\"https:\\\/\\\/de.linkedin.com\\\/company\\\/voelkel-real-estate\"]},{\"@type\":\"Person\",\"@id\":\"https:\\\/\\\/www.voelkel-re.de\\\/#\\\/schema\\\/person\\\/f5b8fbc369b1342588b6105161cb7456\",\"name\":\"office@voelkel-re.de\",\"url\":\"https:\\\/\\\/www.voelkel-re.de\\\/fr\\\/author\\\/officevoelkel-re-de\\\/\"}]}<\/script>\n<!-- \/ Yoast SEO plugin. -->","yoast_head_json":{"title":"V\u00d6LKEL accueille CAMP DAVID et SOCCX au market Oberfranken \u00e0 Hallstadt - V\u00d6LKEL Real Estate | Hamburg","robots":{"index":"index","follow":"follow","max-snippet":"max-snippet:-1","max-image-preview":"max-image-preview:large","max-video-preview":"max-video-preview:-1"},"canonical":"https:\/\/www.voelkel-re.de\/fr\/voelkel-accueille-camp-david-et-soccx-au-market-oberfranken-a-hallstadt\/","og_locale":"fr_FR","og_type":"article","og_title":"V\u00d6LKEL accueille CAMP DAVID et SOCCX au market Oberfranken \u00e0 Hallstadt - V\u00d6LKEL Real Estate | Hamburg","og_description":"CAMP DAVID \/ SOCCX ouvre dans le market Oberfranken","og_url":"https:\/\/www.voelkel-re.de\/fr\/voelkel-accueille-camp-david-et-soccx-au-market-oberfranken-a-hallstadt\/","og_site_name":"V\u00d6LKEL Real Estate | Hamburg","article_published_time":"2024-04-02T10:58:31+00:00","article_modified_time":"2024-04-02T10:59:04+00:00","og_image":[{"width":2048,"height":1536,"url":"https:\/\/www.voelkel-re.de\/wp-content\/uploads\/IMG_2539-scaled.jpg","type":"image\/jpeg"}],"author":"office@voelkel-re.de","twitter_card":"summary_large_image","twitter_misc":{"\u00c9crit par":"office@voelkel-re.de","Dur\u00e9e de lecture estim\u00e9e":"1 minute"},"schema":{"@context":"https:\/\/schema.org","@graph":[{"@type":"Article","@id":"https:\/\/www.voelkel-re.de\/fr\/voelkel-accueille-camp-david-et-soccx-au-market-oberfranken-a-hallstadt\/#article","isPartOf":{"@id":"https:\/\/www.voelkel-re.de\/fr\/voelkel-accueille-camp-david-et-soccx-au-market-oberfranken-a-hallstadt\/"},"author":{"name":"office@voelkel-re.de","@id":"https:\/\/www.voelkel-re.de\/#\/schema\/person\/f5b8fbc369b1342588b6105161cb7456"},"headline":"V\u00d6LKEL accueille CAMP DAVID et SOCCX au market Oberfranken \u00e0 Hallstadt","datePublished":"2024-04-02T10:58:31+00:00","dateModified":"2024-04-02T10:59:04+00:00","mainEntityOfPage":{"@id":"https:\/\/www.voelkel-re.de\/fr\/voelkel-accueille-camp-david-et-soccx-au-market-oberfranken-a-hallstadt\/"},"wordCount":247,"publisher":{"@id":"https:\/\/www.voelkel-re.de\/#organization"},"image":{"@id":"https:\/\/www.voelkel-re.de\/fr\/voelkel-accueille-camp-david-et-soccx-au-market-oberfranken-a-hallstadt\/#primaryimage"},"thumbnailUrl":"https:\/\/www.voelkel-re.de\/wp-content\/uploads\/IMG_2539-scaled.jpg","articleSection":["Non classifi\u00e9(e)"],"inLanguage":"fr-FR"},{"@type":"WebPage","@id":"https:\/\/www.voelkel-re.de\/fr\/voelkel-accueille-camp-david-et-soccx-au-market-oberfranken-a-hallstadt\/","url":"https:\/\/www.voelkel-re.de\/fr\/voelkel-accueille-camp-david-et-soccx-au-market-oberfranken-a-hallstadt\/","name":"V\u00d6LKEL accueille CAMP DAVID et SOCCX au market Oberfranken \u00e0 Hallstadt - V\u00d6LKEL Real Estate | Hamburg","isPartOf":{"@id":"https:\/\/www.voelkel-re.de\/#website"},"primaryImageOfPage":{"@id":"https:\/\/www.voelkel-re.de\/fr\/voelkel-accueille-camp-david-et-soccx-au-market-oberfranken-a-hallstadt\/#primaryimage"},"image":{"@id":"https:\/\/www.voelkel-re.de\/fr\/voelkel-accueille-camp-david-et-soccx-au-market-oberfranken-a-hallstadt\/#primaryimage"},"thumbnailUrl":"https:\/\/www.voelkel-re.de\/wp-content\/uploads\/IMG_2539-scaled.jpg","datePublished":"2024-04-02T10:58:31+00:00","dateModified":"2024-04-02T10:59:04+00:00","breadcrumb":{"@id":"https:\/\/www.voelkel-re.de\/fr\/voelkel-accueille-camp-david-et-soccx-au-market-oberfranken-a-hallstadt\/#breadcrumb"},"inLanguage":"fr-FR","potentialAction":[{"@type":"ReadAction","target":["https:\/\/www.voelkel-re.de\/fr\/voelkel-accueille-camp-david-et-soccx-au-market-oberfranken-a-hallstadt\/"]}]},{"@type":"ImageObject","inLanguage":"fr-FR","@id":"https:\/\/www.voelkel-re.de\/fr\/voelkel-accueille-camp-david-et-soccx-au-market-oberfranken-a-hallstadt\/#primaryimage","url":"https:\/\/www.voelkel-re.de\/wp-content\/uploads\/IMG_2539-scaled.jpg","contentUrl":"https:\/\/www.voelkel-re.de\/wp-content\/uploads\/IMG_2539-scaled.jpg","width":2048,"height":1536,"caption":"CAMP DAVID \/ SOCCX er\u00f6ffnet im market Oberfranken"},{"@type":"BreadcrumbList","@id":"https:\/\/www.voelkel-re.de\/fr\/voelkel-accueille-camp-david-et-soccx-au-market-oberfranken-a-hallstadt\/#breadcrumb","itemListElement":[{"@type":"ListItem","position":1,"name":"Startseite","item":"https:\/\/www.voelkel-re.de\/fr\/"},{"@type":"ListItem","position":2,"name":"V\u00d6LKEL accueille CAMP DAVID et SOCCX au market Oberfranken \u00e0 Hallstadt"}]},{"@type":"WebSite","@id":"https:\/\/www.voelkel-re.de\/#website","url":"https:\/\/www.voelkel-re.de\/","name":"V\u00d6LKEL Real Estate | Hamburg","description":"Immobiliendienstleistungen f\u00fcr Handels- und Gewerbeimmobilien","publisher":{"@id":"https:\/\/www.voelkel-re.de\/#organization"},"potentialAction":[{"@type":"SearchAction","target":{"@type":"EntryPoint","urlTemplate":"https:\/\/www.voelkel-re.de\/?s={search_term_string}"},"query-input":{"@type":"PropertyValueSpecification","valueRequired":true,"valueName":"search_term_string"}}],"inLanguage":"fr-FR"},{"@type":"Organization","@id":"https:\/\/www.voelkel-re.de\/#organization","name":"V\u00d6LKEL Real Estate | Hamburg","url":"https:\/\/www.voelkel-re.de\/","logo":{"@type":"ImageObject","inLanguage":"fr-FR","@id":"https:\/\/www.voelkel-re.de\/#\/schema\/logo\/image\/","url":"https:\/\/www.voelkel-re.de\/wp-content\/uploads\/VOELKEL-Logo.jpg","contentUrl":"https:\/\/www.voelkel-re.de\/wp-content\/uploads\/VOELKEL-Logo.jpg","width":1600,"height":900,"caption":"V\u00d6LKEL Real Estate | Hamburg"},"image":{"@id":"https:\/\/www.voelkel-re.de\/#\/schema\/logo\/image\/"},"sameAs":["https:\/\/de.linkedin.com\/company\/voelkel-real-estate"]},{"@type":"Person","@id":"https:\/\/www.voelkel-re.de\/#\/schema\/person\/f5b8fbc369b1342588b6105161cb7456","name":"office@voelkel-re.de","url":"https:\/\/www.voelkel-re.de\/fr\/author\/officevoelkel-re-de\/"}]}},"_links":{"self":[{"href":"https:\/\/www.voelkel-re.de\/fr\/wp-json\/wp\/v2\/posts\/4529","targetHints":{"allow":["GET"]}}],"collection":[{"href":"https:\/\/www.voelkel-re.de\/fr\/wp-json\/wp\/v2\/posts"}],"about":[{"href":"https:\/\/www.voelkel-re.de\/fr\/wp-json\/wp\/v2\/types\/post"}],"author":[{"embeddable":true,"href":"https:\/\/www.voelkel-re.de\/fr\/wp-json\/wp\/v2\/users\/4"}],"replies":[{"embeddable":true,"href":"https:\/\/www.voelkel-re.de\/fr\/wp-json\/wp\/v2\/comments?post=4529"}],"version-history":[{"count":3,"href":"https:\/\/www.voelkel-re.de\/fr\/wp-json\/wp\/v2\/posts\/4529\/revisions"}],"predecessor-version":[{"id":4532,"href":"https:\/\/www.voelkel-re.de\/fr\/wp-json\/wp\/v2\/posts\/4529\/revisions\/4532"}],"wp:featuredmedia":[{"embeddable":true,"href":"https:\/\/www.voelkel-re.de\/fr\/wp-json\/wp\/v2\/media\/4523"}],"wp:attachment":[{"href":"https:\/\/www.voelkel-re.de\/fr\/wp-json\/wp\/v2\/media?parent=4529"}],"wp:term":[{"taxonomy":"category","embeddable":true,"href":"https:\/\/www.voelkel-re.de\/fr\/wp-json\/wp\/v2\/categories?post=4529"},{"taxonomy":"post_tag","embeddable":true,"href":"https:\/\/www.voelkel-re.de\/fr\/wp-json\/wp\/v2\/tags?post=4529"}],"curies":[{"name":"wp","href":"https:\/\/api.w.org\/{rel}","templated":true}]}}