{"id":4377,"date":"2024-01-29T16:24:27","date_gmt":"2024-01-29T15:24:27","guid":{"rendered":"https:\/\/www.voelkel-re.de\/voelkel-prend-en-charge-un-nouveau-mandat-de-gestion-dimaxxam\/"},"modified":"2024-01-29T16:29:49","modified_gmt":"2024-01-29T15:29:49","slug":"voelkel-prend-en-charge-un-nouveau-mandat-de-gestion-dimaxxam","status":"publish","type":"post","link":"https:\/\/www.voelkel-re.de\/fr\/voelkel-prend-en-charge-un-nouveau-mandat-de-gestion-dimaxxam\/","title":{"rendered":"V\u00f6lkel prend en charge un nouveau mandat de gestion d&#8217;ImaxxAM"},"content":{"rendered":"\n<p>V\u00d6LKEL Real Estate a \u00e9t\u00e9 charg\u00e9 par IMAXXAM Asset Management GmbH, \u00e0 partir de janvier 2024, de la gestion de centres et de biens immobiliers ainsi que du leasing d&#8217;un portefeuille d&#8217;immeubles commerciaux dans l&#8217;ouest de l&#8217;Allemagne.<\/p>\n\n<p>V\u00d6LKEL prend en charge la gestion globale des objets Stadtgalerie Langenfeld, Broicher Mitte \u00e0 M\u00fclheim ainsi que le quartier Ruhr-Aue \u00e0 Herdecke.  <\/p>\n\n<p>Les objets sont principalement occup\u00e9s par des commerces de d\u00e9tail, des cabinets m\u00e9dicaux, des bureaux et en partie aussi par des logements.<\/p>\n\n<p>Le centre du centre-ville Stadtgalerie Langenfeld a \u00e9t\u00e9 ouvert en octobre 2000 et dispose d&#8217;environ 37.000 m\u00b2 de SHON avec un large m\u00e9lange de branches comprenant environ 30 boutiques, dont C&amp;A, Euronics XXL, Thalia, Aldi S\u00fcd et Rossmann, ainsi que divers cabinets et appartements.<\/p>\n\n<p>  &#8220;Nous sommes tr\u00e8s heureux qu&#8217;IMAXXAM nous fasse confiance pour prendre en charge la gestion de ses biens immobiliers \u00e0 Langenfeld, M\u00fchlheim et Herdecke. Nos \u00e9quipes sont d\u00e9j\u00e0 actives et s&#8217;occupent des locataires, des clients et des objets&#8221;, explique Dirk V\u00f6lkel, directeur de V\u00d6LKEL Real Estate.<\/p>\n\n<p>&#8220;Avec V\u00d6LKEL, nous avons trouv\u00e9 un prestataire de services exp\u00e9riment\u00e9 et orient\u00e9 vers l&#8217;avenir pour nos biens immobiliers dans l&#8217;ouest de l&#8217;Allemagne. Nous nous r\u00e9jouissons de cette collaboration et de pouvoir continuer \u00e0 d\u00e9velopper les biens ensemble. Nous travaillons d\u00e9j\u00e0 avec l&#8217;\u00e9quipe de conseil de V\u00d6LKEL sur notre site de Neuwied et sommes convaincus par l&#8217;approche globale et les solutions pr\u00e9sent\u00e9es&#8221;, explique Alessandro Palumbo, Asset Manager d&#8217;IMAXXAM.<\/p>\n\n<p><strong>\u00c0 propos d&#8217;IMAXXAM Asset Management GmbH<\/strong><\/p>\n\n<p>Active dans toute l&#8217;Allemagne, IMAXXAM, partenaire ind\u00e9pendant pour la gestion d&#8217;actifs et de portefeuilles, cr\u00e9e des fonds immobiliers pour des investisseurs institutionnels de renom. Sur les sites de Francfort, Giessen, Munich et Berlin, l&#8217;\u00e9quipe interdisciplinaire d\u00e9veloppe, en collaboration avec ses partenaires et investisseurs, des concepts immobiliers globaux, de la transaction d&#8217;actifs small \u00e0 mid-sized, en passant par la gestion de portefeuille et d&#8217;actifs, jusqu&#8217;au pilotage de la gestion de la propri\u00e9t\u00e9. La cr\u00e9ation de valeurs durables est toujours au centre de nos pr\u00e9occupations. En 2023, le portefeuille comprend plus de 70 immeubles commerciaux et r\u00e9sidentiels d&#8217;une valeur totale de 1,5 milliard d&#8217;euros.<\/p>\n\n<p><strong>\u00c0 propos de V\u00d6LKEL Real Estate GmbH<\/strong><\/p>\n\n<p>En tant qu&#8217;entreprise familiale de taille moyenne pr\u00e9sente sur le march\u00e9 depuis environ 20 ans, V\u00d6LKEL est un sp\u00e9cialiste de premier plan dans la gestion globale, le d\u00e9veloppement et la location de biens immobiliers commerciaux. V\u00d6LKEL g\u00e8re environ 200 biens immobiliers &#8211; dont plus de 20 centres commerciaux &#8211; avec plus de 100 employ\u00e9s sur plus de 15 sites de bureaux pour des clients internationaux.<\/p>\n","protected":false},"excerpt":{"rendered":"<p>Galerie de la ville de Langenfeld<\/p>\n","protected":false},"author":4,"featured_media":4371,"comment_status":"closed","ping_status":"closed","sticky":false,"template":"","format":"standard","meta":{"_acf_changed":false,"footnotes":""},"categories":[30],"tags":[],"class_list":["post-4377","post","type-post","status-publish","format-standard","has-post-thumbnail","hentry","category-non-classifiee"],"acf":[],"yoast_head":"<!-- This site is optimized with the Yoast SEO plugin v27.5 - https:\/\/yoast.com\/product\/yoast-seo-wordpress\/ -->\n<title>V\u00f6lkel prend en charge un nouveau mandat de gestion d&#039;ImaxxAM - V\u00d6LKEL Real Estate | Hamburg<\/title>\n<meta name=\"robots\" content=\"index, follow, max-snippet:-1, max-image-preview:large, max-video-preview:-1\" \/>\n<link rel=\"canonical\" href=\"https:\/\/www.voelkel-re.de\/fr\/voelkel-prend-en-charge-un-nouveau-mandat-de-gestion-dimaxxam\/\" \/>\n<meta property=\"og:locale\" content=\"fr_FR\" \/>\n<meta property=\"og:type\" content=\"article\" \/>\n<meta property=\"og:title\" content=\"V\u00f6lkel prend en charge un nouveau mandat de gestion d&#039;ImaxxAM - V\u00d6LKEL Real Estate | Hamburg\" \/>\n<meta property=\"og:description\" content=\"Galerie de la ville de Langenfeld\" \/>\n<meta property=\"og:url\" content=\"https:\/\/www.voelkel-re.de\/fr\/voelkel-prend-en-charge-un-nouveau-mandat-de-gestion-dimaxxam\/\" \/>\n<meta property=\"og:site_name\" content=\"V\u00d6LKEL Real Estate | Hamburg\" \/>\n<meta property=\"article:published_time\" content=\"2024-01-29T15:24:27+00:00\" \/>\n<meta property=\"article:modified_time\" content=\"2024-01-29T15:29:49+00:00\" \/>\n<meta property=\"og:image\" content=\"https:\/\/www.voelkel-re.de\/wp-content\/uploads\/SGLFront1.jpg\" \/>\n\t<meta property=\"og:image:width\" content=\"2016\" \/>\n\t<meta property=\"og:image:height\" content=\"1512\" \/>\n\t<meta property=\"og:image:type\" content=\"image\/jpeg\" \/>\n<meta name=\"author\" content=\"office@voelkel-re.de\" \/>\n<meta name=\"twitter:card\" content=\"summary_large_image\" \/>\n<meta name=\"twitter:label1\" content=\"\u00c9crit par\" \/>\n\t<meta name=\"twitter:data1\" content=\"office@voelkel-re.de\" \/>\n\t<meta name=\"twitter:label2\" content=\"Dur\u00e9e de lecture estim\u00e9e\" \/>\n\t<meta name=\"twitter:data2\" content=\"2 minutes\" \/>\n<script type=\"application\/ld+json\" class=\"yoast-schema-graph\">{\"@context\":\"https:\\\/\\\/schema.org\",\"@graph\":[{\"@type\":\"Article\",\"@id\":\"https:\\\/\\\/www.voelkel-re.de\\\/fr\\\/voelkel-prend-en-charge-un-nouveau-mandat-de-gestion-dimaxxam\\\/#article\",\"isPartOf\":{\"@id\":\"https:\\\/\\\/www.voelkel-re.de\\\/fr\\\/voelkel-prend-en-charge-un-nouveau-mandat-de-gestion-dimaxxam\\\/\"},\"author\":{\"name\":\"office@voelkel-re.de\",\"@id\":\"https:\\\/\\\/www.voelkel-re.de\\\/#\\\/schema\\\/person\\\/f5b8fbc369b1342588b6105161cb7456\"},\"headline\":\"V\u00f6lkel prend en charge un nouveau mandat de gestion d&#8217;ImaxxAM\",\"datePublished\":\"2024-01-29T15:24:27+00:00\",\"dateModified\":\"2024-01-29T15:29:49+00:00\",\"mainEntityOfPage\":{\"@id\":\"https:\\\/\\\/www.voelkel-re.de\\\/fr\\\/voelkel-prend-en-charge-un-nouveau-mandat-de-gestion-dimaxxam\\\/\"},\"wordCount\":470,\"publisher\":{\"@id\":\"https:\\\/\\\/www.voelkel-re.de\\\/#organization\"},\"image\":{\"@id\":\"https:\\\/\\\/www.voelkel-re.de\\\/fr\\\/voelkel-prend-en-charge-un-nouveau-mandat-de-gestion-dimaxxam\\\/#primaryimage\"},\"thumbnailUrl\":\"https:\\\/\\\/www.voelkel-re.de\\\/wp-content\\\/uploads\\\/SGLFront1.jpg\",\"articleSection\":[\"Non classifi\u00e9(e)\"],\"inLanguage\":\"fr-FR\"},{\"@type\":\"WebPage\",\"@id\":\"https:\\\/\\\/www.voelkel-re.de\\\/fr\\\/voelkel-prend-en-charge-un-nouveau-mandat-de-gestion-dimaxxam\\\/\",\"url\":\"https:\\\/\\\/www.voelkel-re.de\\\/fr\\\/voelkel-prend-en-charge-un-nouveau-mandat-de-gestion-dimaxxam\\\/\",\"name\":\"V\u00f6lkel prend en charge un nouveau mandat de gestion d'ImaxxAM - V\u00d6LKEL Real Estate | Hamburg\",\"isPartOf\":{\"@id\":\"https:\\\/\\\/www.voelkel-re.de\\\/#website\"},\"primaryImageOfPage\":{\"@id\":\"https:\\\/\\\/www.voelkel-re.de\\\/fr\\\/voelkel-prend-en-charge-un-nouveau-mandat-de-gestion-dimaxxam\\\/#primaryimage\"},\"image\":{\"@id\":\"https:\\\/\\\/www.voelkel-re.de\\\/fr\\\/voelkel-prend-en-charge-un-nouveau-mandat-de-gestion-dimaxxam\\\/#primaryimage\"},\"thumbnailUrl\":\"https:\\\/\\\/www.voelkel-re.de\\\/wp-content\\\/uploads\\\/SGLFront1.jpg\",\"datePublished\":\"2024-01-29T15:24:27+00:00\",\"dateModified\":\"2024-01-29T15:29:49+00:00\",\"breadcrumb\":{\"@id\":\"https:\\\/\\\/www.voelkel-re.de\\\/fr\\\/voelkel-prend-en-charge-un-nouveau-mandat-de-gestion-dimaxxam\\\/#breadcrumb\"},\"inLanguage\":\"fr-FR\",\"potentialAction\":[{\"@type\":\"ReadAction\",\"target\":[\"https:\\\/\\\/www.voelkel-re.de\\\/fr\\\/voelkel-prend-en-charge-un-nouveau-mandat-de-gestion-dimaxxam\\\/\"]}]},{\"@type\":\"ImageObject\",\"inLanguage\":\"fr-FR\",\"@id\":\"https:\\\/\\\/www.voelkel-re.de\\\/fr\\\/voelkel-prend-en-charge-un-nouveau-mandat-de-gestion-dimaxxam\\\/#primaryimage\",\"url\":\"https:\\\/\\\/www.voelkel-re.de\\\/wp-content\\\/uploads\\\/SGLFront1.jpg\",\"contentUrl\":\"https:\\\/\\\/www.voelkel-re.de\\\/wp-content\\\/uploads\\\/SGLFront1.jpg\",\"width\":2016,\"height\":1512},{\"@type\":\"BreadcrumbList\",\"@id\":\"https:\\\/\\\/www.voelkel-re.de\\\/fr\\\/voelkel-prend-en-charge-un-nouveau-mandat-de-gestion-dimaxxam\\\/#breadcrumb\",\"itemListElement\":[{\"@type\":\"ListItem\",\"position\":1,\"name\":\"Startseite\",\"item\":\"https:\\\/\\\/www.voelkel-re.de\\\/fr\\\/\"},{\"@type\":\"ListItem\",\"position\":2,\"name\":\"V\u00f6lkel prend en charge un nouveau mandat de gestion d&#8217;ImaxxAM\"}]},{\"@type\":\"WebSite\",\"@id\":\"https:\\\/\\\/www.voelkel-re.de\\\/#website\",\"url\":\"https:\\\/\\\/www.voelkel-re.de\\\/\",\"name\":\"V\u00d6LKEL Real Estate | Hamburg\",\"description\":\"Immobiliendienstleistungen f\u00fcr Handels- und Gewerbeimmobilien\",\"publisher\":{\"@id\":\"https:\\\/\\\/www.voelkel-re.de\\\/#organization\"},\"potentialAction\":[{\"@type\":\"SearchAction\",\"target\":{\"@type\":\"EntryPoint\",\"urlTemplate\":\"https:\\\/\\\/www.voelkel-re.de\\\/?s={search_term_string}\"},\"query-input\":{\"@type\":\"PropertyValueSpecification\",\"valueRequired\":true,\"valueName\":\"search_term_string\"}}],\"inLanguage\":\"fr-FR\"},{\"@type\":\"Organization\",\"@id\":\"https:\\\/\\\/www.voelkel-re.de\\\/#organization\",\"name\":\"V\u00d6LKEL Real Estate | Hamburg\",\"url\":\"https:\\\/\\\/www.voelkel-re.de\\\/\",\"logo\":{\"@type\":\"ImageObject\",\"inLanguage\":\"fr-FR\",\"@id\":\"https:\\\/\\\/www.voelkel-re.de\\\/#\\\/schema\\\/logo\\\/image\\\/\",\"url\":\"https:\\\/\\\/www.voelkel-re.de\\\/wp-content\\\/uploads\\\/VOELKEL-Logo.jpg\",\"contentUrl\":\"https:\\\/\\\/www.voelkel-re.de\\\/wp-content\\\/uploads\\\/VOELKEL-Logo.jpg\",\"width\":1600,\"height\":900,\"caption\":\"V\u00d6LKEL Real Estate | Hamburg\"},\"image\":{\"@id\":\"https:\\\/\\\/www.voelkel-re.de\\\/#\\\/schema\\\/logo\\\/image\\\/\"},\"sameAs\":[\"https:\\\/\\\/de.linkedin.com\\\/company\\\/voelkel-real-estate\"]},{\"@type\":\"Person\",\"@id\":\"https:\\\/\\\/www.voelkel-re.de\\\/#\\\/schema\\\/person\\\/f5b8fbc369b1342588b6105161cb7456\",\"name\":\"office@voelkel-re.de\",\"url\":\"https:\\\/\\\/www.voelkel-re.de\\\/fr\\\/author\\\/officevoelkel-re-de\\\/\"}]}<\/script>\n<!-- \/ Yoast SEO plugin. -->","yoast_head_json":{"title":"V\u00f6lkel prend en charge un nouveau mandat de gestion d'ImaxxAM - V\u00d6LKEL Real Estate | Hamburg","robots":{"index":"index","follow":"follow","max-snippet":"max-snippet:-1","max-image-preview":"max-image-preview:large","max-video-preview":"max-video-preview:-1"},"canonical":"https:\/\/www.voelkel-re.de\/fr\/voelkel-prend-en-charge-un-nouveau-mandat-de-gestion-dimaxxam\/","og_locale":"fr_FR","og_type":"article","og_title":"V\u00f6lkel prend en charge un nouveau mandat de gestion d'ImaxxAM - V\u00d6LKEL Real Estate | Hamburg","og_description":"Galerie de la ville de Langenfeld","og_url":"https:\/\/www.voelkel-re.de\/fr\/voelkel-prend-en-charge-un-nouveau-mandat-de-gestion-dimaxxam\/","og_site_name":"V\u00d6LKEL Real Estate | Hamburg","article_published_time":"2024-01-29T15:24:27+00:00","article_modified_time":"2024-01-29T15:29:49+00:00","og_image":[{"width":2016,"height":1512,"url":"https:\/\/www.voelkel-re.de\/wp-content\/uploads\/SGLFront1.jpg","type":"image\/jpeg"}],"author":"office@voelkel-re.de","twitter_card":"summary_large_image","twitter_misc":{"\u00c9crit par":"office@voelkel-re.de","Dur\u00e9e de lecture estim\u00e9e":"2 minutes"},"schema":{"@context":"https:\/\/schema.org","@graph":[{"@type":"Article","@id":"https:\/\/www.voelkel-re.de\/fr\/voelkel-prend-en-charge-un-nouveau-mandat-de-gestion-dimaxxam\/#article","isPartOf":{"@id":"https:\/\/www.voelkel-re.de\/fr\/voelkel-prend-en-charge-un-nouveau-mandat-de-gestion-dimaxxam\/"},"author":{"name":"office@voelkel-re.de","@id":"https:\/\/www.voelkel-re.de\/#\/schema\/person\/f5b8fbc369b1342588b6105161cb7456"},"headline":"V\u00f6lkel prend en charge un nouveau mandat de gestion d&#8217;ImaxxAM","datePublished":"2024-01-29T15:24:27+00:00","dateModified":"2024-01-29T15:29:49+00:00","mainEntityOfPage":{"@id":"https:\/\/www.voelkel-re.de\/fr\/voelkel-prend-en-charge-un-nouveau-mandat-de-gestion-dimaxxam\/"},"wordCount":470,"publisher":{"@id":"https:\/\/www.voelkel-re.de\/#organization"},"image":{"@id":"https:\/\/www.voelkel-re.de\/fr\/voelkel-prend-en-charge-un-nouveau-mandat-de-gestion-dimaxxam\/#primaryimage"},"thumbnailUrl":"https:\/\/www.voelkel-re.de\/wp-content\/uploads\/SGLFront1.jpg","articleSection":["Non classifi\u00e9(e)"],"inLanguage":"fr-FR"},{"@type":"WebPage","@id":"https:\/\/www.voelkel-re.de\/fr\/voelkel-prend-en-charge-un-nouveau-mandat-de-gestion-dimaxxam\/","url":"https:\/\/www.voelkel-re.de\/fr\/voelkel-prend-en-charge-un-nouveau-mandat-de-gestion-dimaxxam\/","name":"V\u00f6lkel prend en charge un nouveau mandat de gestion d'ImaxxAM - V\u00d6LKEL Real Estate | Hamburg","isPartOf":{"@id":"https:\/\/www.voelkel-re.de\/#website"},"primaryImageOfPage":{"@id":"https:\/\/www.voelkel-re.de\/fr\/voelkel-prend-en-charge-un-nouveau-mandat-de-gestion-dimaxxam\/#primaryimage"},"image":{"@id":"https:\/\/www.voelkel-re.de\/fr\/voelkel-prend-en-charge-un-nouveau-mandat-de-gestion-dimaxxam\/#primaryimage"},"thumbnailUrl":"https:\/\/www.voelkel-re.de\/wp-content\/uploads\/SGLFront1.jpg","datePublished":"2024-01-29T15:24:27+00:00","dateModified":"2024-01-29T15:29:49+00:00","breadcrumb":{"@id":"https:\/\/www.voelkel-re.de\/fr\/voelkel-prend-en-charge-un-nouveau-mandat-de-gestion-dimaxxam\/#breadcrumb"},"inLanguage":"fr-FR","potentialAction":[{"@type":"ReadAction","target":["https:\/\/www.voelkel-re.de\/fr\/voelkel-prend-en-charge-un-nouveau-mandat-de-gestion-dimaxxam\/"]}]},{"@type":"ImageObject","inLanguage":"fr-FR","@id":"https:\/\/www.voelkel-re.de\/fr\/voelkel-prend-en-charge-un-nouveau-mandat-de-gestion-dimaxxam\/#primaryimage","url":"https:\/\/www.voelkel-re.de\/wp-content\/uploads\/SGLFront1.jpg","contentUrl":"https:\/\/www.voelkel-re.de\/wp-content\/uploads\/SGLFront1.jpg","width":2016,"height":1512},{"@type":"BreadcrumbList","@id":"https:\/\/www.voelkel-re.de\/fr\/voelkel-prend-en-charge-un-nouveau-mandat-de-gestion-dimaxxam\/#breadcrumb","itemListElement":[{"@type":"ListItem","position":1,"name":"Startseite","item":"https:\/\/www.voelkel-re.de\/fr\/"},{"@type":"ListItem","position":2,"name":"V\u00f6lkel prend en charge un nouveau mandat de gestion d&#8217;ImaxxAM"}]},{"@type":"WebSite","@id":"https:\/\/www.voelkel-re.de\/#website","url":"https:\/\/www.voelkel-re.de\/","name":"V\u00d6LKEL Real Estate | Hamburg","description":"Immobiliendienstleistungen f\u00fcr Handels- und Gewerbeimmobilien","publisher":{"@id":"https:\/\/www.voelkel-re.de\/#organization"},"potentialAction":[{"@type":"SearchAction","target":{"@type":"EntryPoint","urlTemplate":"https:\/\/www.voelkel-re.de\/?s={search_term_string}"},"query-input":{"@type":"PropertyValueSpecification","valueRequired":true,"valueName":"search_term_string"}}],"inLanguage":"fr-FR"},{"@type":"Organization","@id":"https:\/\/www.voelkel-re.de\/#organization","name":"V\u00d6LKEL Real Estate | Hamburg","url":"https:\/\/www.voelkel-re.de\/","logo":{"@type":"ImageObject","inLanguage":"fr-FR","@id":"https:\/\/www.voelkel-re.de\/#\/schema\/logo\/image\/","url":"https:\/\/www.voelkel-re.de\/wp-content\/uploads\/VOELKEL-Logo.jpg","contentUrl":"https:\/\/www.voelkel-re.de\/wp-content\/uploads\/VOELKEL-Logo.jpg","width":1600,"height":900,"caption":"V\u00d6LKEL Real Estate | Hamburg"},"image":{"@id":"https:\/\/www.voelkel-re.de\/#\/schema\/logo\/image\/"},"sameAs":["https:\/\/de.linkedin.com\/company\/voelkel-real-estate"]},{"@type":"Person","@id":"https:\/\/www.voelkel-re.de\/#\/schema\/person\/f5b8fbc369b1342588b6105161cb7456","name":"office@voelkel-re.de","url":"https:\/\/www.voelkel-re.de\/fr\/author\/officevoelkel-re-de\/"}]}},"_links":{"self":[{"href":"https:\/\/www.voelkel-re.de\/fr\/wp-json\/wp\/v2\/posts\/4377","targetHints":{"allow":["GET"]}}],"collection":[{"href":"https:\/\/www.voelkel-re.de\/fr\/wp-json\/wp\/v2\/posts"}],"about":[{"href":"https:\/\/www.voelkel-re.de\/fr\/wp-json\/wp\/v2\/types\/post"}],"author":[{"embeddable":true,"href":"https:\/\/www.voelkel-re.de\/fr\/wp-json\/wp\/v2\/users\/4"}],"replies":[{"embeddable":true,"href":"https:\/\/www.voelkel-re.de\/fr\/wp-json\/wp\/v2\/comments?post=4377"}],"version-history":[{"count":3,"href":"https:\/\/www.voelkel-re.de\/fr\/wp-json\/wp\/v2\/posts\/4377\/revisions"}],"predecessor-version":[{"id":4380,"href":"https:\/\/www.voelkel-re.de\/fr\/wp-json\/wp\/v2\/posts\/4377\/revisions\/4380"}],"wp:featuredmedia":[{"embeddable":true,"href":"https:\/\/www.voelkel-re.de\/fr\/wp-json\/wp\/v2\/media\/4371"}],"wp:attachment":[{"href":"https:\/\/www.voelkel-re.de\/fr\/wp-json\/wp\/v2\/media?parent=4377"}],"wp:term":[{"taxonomy":"category","embeddable":true,"href":"https:\/\/www.voelkel-re.de\/fr\/wp-json\/wp\/v2\/categories?post=4377"},{"taxonomy":"post_tag","embeddable":true,"href":"https:\/\/www.voelkel-re.de\/fr\/wp-json\/wp\/v2\/tags?post=4377"}],"curies":[{"name":"wp","href":"https:\/\/api.w.org\/{rel}","templated":true}]}}