{"id":6013,"date":"2026-08-17T15:09:29","date_gmt":"2026-08-17T13:09:29","guid":{"rendered":"https:\/\/www.voelkel-re.de\/voelkel-at-expo-real-2026-see-you-there\/"},"modified":"2026-09-01T13:52:37","modified_gmt":"2026-09-01T11:52:37","slug":"voelkel-at-expo-real-2026-see-you-there","status":"publish","type":"post","link":"https:\/\/www.voelkel-re.de\/en\/voelkel-at-expo-real-2026-see-you-there\/","title":{"rendered":"V\u00d6LKEL AT EXPO REAL 2026 \u2013 SEE YOU THERE?"},"content":{"rendered":"\n<p class=\"wp-block-paragraph\">The countdown is on \u2013 EXPO REAL, the real estate industry&#8217;s premier gathering, is just around the corner.<\/p>\n\n<p class=\"wp-block-paragraph\">V\u00d6LKEL will once again be represented at the trade fair this year from October 5th to 7th. <\/p>\n\n<p class=\"wp-block-paragraph\">Meet our experts for Asset Management, Leasing, Center Management, Property Management, Project Management Consulting, and HR.<\/p>\n\n<p class=\"wp-block-paragraph\">Schedule your appointment at <a href=\"mailto:vermietung@voelkel-re.de\">vermietung@voelkel-re.<\/a>de or by phone at +49 40 189 8128-21.<\/p>\n\n<p class=\"wp-block-paragraph\">We look forward to seeing you.<\/p>\n","protected":false},"excerpt":{"rendered":"<p>V\u00d6LKEL AT EXPO REAL 2026 \u2013 SEE YOU THERE?<\/p>\n","protected":false},"author":3,"featured_media":5993,"comment_status":"closed","ping_status":"closed","sticky":false,"template":"","format":"standard","meta":{"_acf_changed":false,"footnotes":""},"categories":[1],"tags":[],"class_list":["post-6013","post","type-post","status-publish","format-standard","has-post-thumbnail","hentry","category-unkategorisiert"],"acf":[],"yoast_head":"<!-- This site is optimized with the Yoast SEO plugin v28.4 - https:\/\/yoast.com\/product\/yoast-seo-wordpress\/ -->\n<title>V\u00d6LKEL AUF DER EXPO REAL 2026 \u2013 SEHEN WIR UNS?V\u00d6LKEL AT EXPO REAL 2026 \u2013 SEE YOU THERE? - V\u00d6LKEL Real Estate | Hamburg<\/title>\n<meta name=\"description\" content=\"Der Countdown l\u00e4uft \u2013 die EXPO REAL, der Branchentreffpunkt der Immobilienbranche, steht vor der T\u00fcr.V\u00d6LKEL ist auch in diesem Jahr vom 05. bis 07. Oktober auf der Messe vertreten.Treffen Sie unsere Experten f\u00fcr Asset Management, Leasing, Center Management, Property Management, Projektmanagement Consulting und HR.Vereinbaren Sie Ihren Termin unter vermietung@voelkel-re.de oder telefonisch +49 40 189 8128-21.Wir freuen uns auf Sie.\" \/>\n<meta name=\"robots\" content=\"index, follow, max-snippet:-1, max-image-preview:large, max-video-preview:-1\" \/>\n<link rel=\"canonical\" href=\"https:\/\/www.voelkel-re.de\/en\/voelkel-at-expo-real-2026-see-you-there\/\" \/>\n<meta property=\"og:locale\" content=\"en_US\" \/>\n<meta property=\"og:type\" content=\"article\" \/>\n<meta property=\"og:title\" content=\"V\u00d6LKEL AUF DER EXPO REAL 2026 \u2013 SEHEN WIR UNS?V\u00d6LKEL AT EXPO REAL 2026 \u2013 SEE YOU THERE? - V\u00d6LKEL Real Estate | Hamburg\" \/>\n<meta property=\"og:description\" content=\"Der Countdown l\u00e4uft \u2013 die EXPO REAL, der Branchentreffpunkt der Immobilienbranche, steht vor der T\u00fcr.V\u00d6LKEL ist auch in diesem Jahr vom 05. bis 07. Oktober auf der Messe vertreten.Treffen Sie unsere Experten f\u00fcr Asset Management, Leasing, Center Management, Property Management, Projektmanagement Consulting und HR.Vereinbaren Sie Ihren Termin unter vermietung@voelkel-re.de oder telefonisch +49 40 189 8128-21.Wir freuen uns auf Sie.\" \/>\n<meta property=\"og:url\" content=\"https:\/\/www.voelkel-re.de\/en\/voelkel-at-expo-real-2026-see-you-there\/\" \/>\n<meta property=\"og:site_name\" content=\"V\u00d6LKEL Real Estate | Hamburg\" \/>\n<meta property=\"article:published_time\" content=\"2026-08-17T13:09:29+00:00\" \/>\n<meta property=\"article:modified_time\" content=\"2026-09-01T11:52:37+00:00\" \/>\n<meta property=\"og:image\" content=\"https:\/\/www.voelkel-re.de\/wp-content\/uploads\/bild28.png\" \/>\n\t<meta property=\"og:image:width\" content=\"1920\" \/>\n\t<meta property=\"og:image:height\" content=\"1440\" \/>\n\t<meta property=\"og:image:type\" content=\"image\/png\" \/>\n<meta name=\"author\" content=\"Svenja Scheibe\" \/>\n<meta name=\"twitter:card\" content=\"summary_large_image\" \/>\n<meta name=\"twitter:label1\" content=\"Written by\" \/>\n\t<meta name=\"twitter:data1\" content=\"Svenja Scheibe\" \/>\n<script type=\"application\/ld+json\" class=\"yoast-schema-graph\">{\"@context\":\"https:\\\/\\\/schema.org\",\"@graph\":[{\"@type\":\"Article\",\"@id\":\"https:\\\/\\\/www.voelkel-re.de\\\/en\\\/voelkel-at-expo-real-2026-see-you-there\\\/#article\",\"isPartOf\":{\"@id\":\"https:\\\/\\\/www.voelkel-re.de\\\/en\\\/voelkel-at-expo-real-2026-see-you-there\\\/\"},\"author\":{\"name\":\"Svenja Scheibe\",\"@id\":\"https:\\\/\\\/www.voelkel-re.de\\\/#\\\/schema\\\/person\\\/ad63c19cd2b78fbe1b4707e79a4e594f\"},\"headline\":\"V\u00d6LKEL AT EXPO REAL 2026 \u2013 SEE YOU THERE?\",\"datePublished\":\"2026-08-17T13:09:29+00:00\",\"dateModified\":\"2026-09-01T11:52:37+00:00\",\"mainEntityOfPage\":{\"@id\":\"https:\\\/\\\/www.voelkel-re.de\\\/en\\\/voelkel-at-expo-real-2026-see-you-there\\\/\"},\"wordCount\":78,\"publisher\":{\"@id\":\"https:\\\/\\\/www.voelkel-re.de\\\/#organization\"},\"image\":{\"@id\":\"https:\\\/\\\/www.voelkel-re.de\\\/en\\\/voelkel-at-expo-real-2026-see-you-there\\\/#primaryimage\"},\"thumbnailUrl\":\"https:\\\/\\\/www.voelkel-re.de\\\/wp-content\\\/uploads\\\/bild28.png\",\"articleSection\":[\"Unkategorisiert\"],\"inLanguage\":\"en-US\"},{\"@type\":\"WebPage\",\"@id\":\"https:\\\/\\\/www.voelkel-re.de\\\/en\\\/voelkel-at-expo-real-2026-see-you-there\\\/\",\"url\":\"https:\\\/\\\/www.voelkel-re.de\\\/en\\\/voelkel-at-expo-real-2026-see-you-there\\\/\",\"name\":\"V\u00d6LKEL AUF DER EXPO REAL 2026 \u2013 SEHEN WIR UNS?V\u00d6LKEL AT EXPO REAL 2026 \u2013 SEE YOU THERE? - V\u00d6LKEL Real Estate | Hamburg\",\"isPartOf\":{\"@id\":\"https:\\\/\\\/www.voelkel-re.de\\\/#website\"},\"primaryImageOfPage\":{\"@id\":\"https:\\\/\\\/www.voelkel-re.de\\\/en\\\/voelkel-at-expo-real-2026-see-you-there\\\/#primaryimage\"},\"image\":{\"@id\":\"https:\\\/\\\/www.voelkel-re.de\\\/en\\\/voelkel-at-expo-real-2026-see-you-there\\\/#primaryimage\"},\"thumbnailUrl\":\"https:\\\/\\\/www.voelkel-re.de\\\/wp-content\\\/uploads\\\/bild28.png\",\"datePublished\":\"2026-08-17T13:09:29+00:00\",\"dateModified\":\"2026-09-01T11:52:37+00:00\",\"description\":\"Der Countdown l\u00e4uft \u2013 die EXPO REAL, der Branchentreffpunkt der Immobilienbranche, steht vor der T\u00fcr.V\u00d6LKEL ist auch in diesem Jahr vom 05. bis 07. Oktober auf der Messe vertreten.Treffen Sie unsere Experten f\u00fcr Asset Management, Leasing, Center Management, Property Management, Projektmanagement Consulting und HR.Vereinbaren Sie Ihren Termin unter vermietung@voelkel-re.de oder telefonisch +49 40 189 8128-21.Wir freuen uns auf Sie.\",\"breadcrumb\":{\"@id\":\"https:\\\/\\\/www.voelkel-re.de\\\/en\\\/voelkel-at-expo-real-2026-see-you-there\\\/#breadcrumb\"},\"inLanguage\":\"en-US\",\"potentialAction\":[{\"@type\":\"ReadAction\",\"target\":[\"https:\\\/\\\/www.voelkel-re.de\\\/en\\\/voelkel-at-expo-real-2026-see-you-there\\\/\"]}]},{\"@type\":\"ImageObject\",\"inLanguage\":\"en-US\",\"@id\":\"https:\\\/\\\/www.voelkel-re.de\\\/en\\\/voelkel-at-expo-real-2026-see-you-there\\\/#primaryimage\",\"url\":\"https:\\\/\\\/www.voelkel-re.de\\\/wp-content\\\/uploads\\\/bild28.png\",\"contentUrl\":\"https:\\\/\\\/www.voelkel-re.de\\\/wp-content\\\/uploads\\\/bild28.png\",\"width\":1920,\"height\":1440,\"caption\":\"V\u00f6lkel bei der Expo 26\"},{\"@type\":\"BreadcrumbList\",\"@id\":\"https:\\\/\\\/www.voelkel-re.de\\\/en\\\/voelkel-at-expo-real-2026-see-you-there\\\/#breadcrumb\",\"itemListElement\":[{\"@type\":\"ListItem\",\"position\":1,\"name\":\"Startseite\",\"item\":\"https:\\\/\\\/www.voelkel-re.de\\\/en\\\/\"},{\"@type\":\"ListItem\",\"position\":2,\"name\":\"V\u00d6LKEL AT EXPO REAL 2026 \u2013 SEE YOU THERE?\"}]},{\"@type\":\"WebSite\",\"@id\":\"https:\\\/\\\/www.voelkel-re.de\\\/#website\",\"url\":\"https:\\\/\\\/www.voelkel-re.de\\\/\",\"name\":\"V\u00d6LKEL Real Estate | Hamburg\",\"description\":\"Immobiliendienstleistungen f\u00fcr Handels- und Gewerbeimmobilien\",\"publisher\":{\"@id\":\"https:\\\/\\\/www.voelkel-re.de\\\/#organization\"},\"potentialAction\":[{\"@type\":\"SearchAction\",\"target\":{\"@type\":\"EntryPoint\",\"urlTemplate\":\"https:\\\/\\\/www.voelkel-re.de\\\/?s={search_term_string}\"},\"query-input\":{\"@type\":\"PropertyValueSpecification\",\"valueRequired\":true,\"valueName\":\"search_term_string\"}}],\"inLanguage\":\"en-US\"},{\"@type\":\"Organization\",\"@id\":\"https:\\\/\\\/www.voelkel-re.de\\\/#organization\",\"name\":\"V\u00d6LKEL Real Estate | Hamburg\",\"url\":\"https:\\\/\\\/www.voelkel-re.de\\\/\",\"logo\":{\"@type\":\"ImageObject\",\"inLanguage\":\"en-US\",\"@id\":\"https:\\\/\\\/www.voelkel-re.de\\\/#\\\/schema\\\/logo\\\/image\\\/\",\"url\":\"https:\\\/\\\/www.voelkel-re.de\\\/wp-content\\\/uploads\\\/VOELKEL-Logo.jpg\",\"contentUrl\":\"https:\\\/\\\/www.voelkel-re.de\\\/wp-content\\\/uploads\\\/VOELKEL-Logo.jpg\",\"width\":1600,\"height\":900,\"caption\":\"V\u00d6LKEL Real Estate | Hamburg\"},\"image\":{\"@id\":\"https:\\\/\\\/www.voelkel-re.de\\\/#\\\/schema\\\/logo\\\/image\\\/\"},\"sameAs\":[\"https:\\\/\\\/de.linkedin.com\\\/company\\\/voelkel-real-estate\"]},{\"@type\":\"Person\",\"@id\":\"https:\\\/\\\/www.voelkel-re.de\\\/#\\\/schema\\\/person\\\/ad63c19cd2b78fbe1b4707e79a4e594f\",\"name\":\"Svenja Scheibe\",\"url\":\"https:\\\/\\\/www.voelkel-re.de\\\/en\\\/author\\\/scheibevoelkel-re-de\\\/\"}]}<\/script>\n<!-- \/ Yoast SEO plugin. -->","yoast_head_json":{"title":"V\u00d6LKEL AUF DER EXPO REAL 2026 \u2013 SEHEN WIR UNS?V\u00d6LKEL AT EXPO REAL 2026 \u2013 SEE YOU THERE? - V\u00d6LKEL Real Estate | Hamburg","description":"Der Countdown l\u00e4uft \u2013 die EXPO REAL, der Branchentreffpunkt der Immobilienbranche, steht vor der T\u00fcr.V\u00d6LKEL ist auch in diesem Jahr vom 05. bis 07. Oktober auf der Messe vertreten.Treffen Sie unsere Experten f\u00fcr Asset Management, Leasing, Center Management, Property Management, Projektmanagement Consulting und HR.Vereinbaren Sie Ihren Termin unter vermietung@voelkel-re.de oder telefonisch +49 40 189 8128-21.Wir freuen uns auf Sie.","robots":{"index":"index","follow":"follow","max-snippet":"max-snippet:-1","max-image-preview":"max-image-preview:large","max-video-preview":"max-video-preview:-1"},"canonical":"https:\/\/www.voelkel-re.de\/en\/voelkel-at-expo-real-2026-see-you-there\/","og_locale":"en_US","og_type":"article","og_title":"V\u00d6LKEL AUF DER EXPO REAL 2026 \u2013 SEHEN WIR UNS?V\u00d6LKEL AT EXPO REAL 2026 \u2013 SEE YOU THERE? - V\u00d6LKEL Real Estate | Hamburg","og_description":"Der Countdown l\u00e4uft \u2013 die EXPO REAL, der Branchentreffpunkt der Immobilienbranche, steht vor der T\u00fcr.V\u00d6LKEL ist auch in diesem Jahr vom 05. bis 07. Oktober auf der Messe vertreten.Treffen Sie unsere Experten f\u00fcr Asset Management, Leasing, Center Management, Property Management, Projektmanagement Consulting und HR.Vereinbaren Sie Ihren Termin unter vermietung@voelkel-re.de oder telefonisch +49 40 189 8128-21.Wir freuen uns auf Sie.","og_url":"https:\/\/www.voelkel-re.de\/en\/voelkel-at-expo-real-2026-see-you-there\/","og_site_name":"V\u00d6LKEL Real Estate | Hamburg","article_published_time":"2026-08-17T13:09:29+00:00","article_modified_time":"2026-09-01T11:52:37+00:00","og_image":[{"url":"https:\/\/www.voelkel-re.de\/wp-content\/uploads\/bild28.png","width":1920,"height":1440,"type":"image\/png"}],"author":"Svenja Scheibe","twitter_card":"summary_large_image","twitter_misc":{"Written by":"Svenja Scheibe"},"schema":{"@context":"https:\/\/schema.org","@graph":[{"@type":"Article","@id":"https:\/\/www.voelkel-re.de\/en\/voelkel-at-expo-real-2026-see-you-there\/#article","isPartOf":{"@id":"https:\/\/www.voelkel-re.de\/en\/voelkel-at-expo-real-2026-see-you-there\/"},"author":{"name":"Svenja Scheibe","@id":"https:\/\/www.voelkel-re.de\/#\/schema\/person\/ad63c19cd2b78fbe1b4707e79a4e594f"},"headline":"V\u00d6LKEL AT EXPO REAL 2026 \u2013 SEE YOU THERE?","datePublished":"2026-08-17T13:09:29+00:00","dateModified":"2026-09-01T11:52:37+00:00","mainEntityOfPage":{"@id":"https:\/\/www.voelkel-re.de\/en\/voelkel-at-expo-real-2026-see-you-there\/"},"wordCount":78,"publisher":{"@id":"https:\/\/www.voelkel-re.de\/#organization"},"image":{"@id":"https:\/\/www.voelkel-re.de\/en\/voelkel-at-expo-real-2026-see-you-there\/#primaryimage"},"thumbnailUrl":"https:\/\/www.voelkel-re.de\/wp-content\/uploads\/bild28.png","articleSection":["Unkategorisiert"],"inLanguage":"en-US"},{"@type":"WebPage","@id":"https:\/\/www.voelkel-re.de\/en\/voelkel-at-expo-real-2026-see-you-there\/","url":"https:\/\/www.voelkel-re.de\/en\/voelkel-at-expo-real-2026-see-you-there\/","name":"V\u00d6LKEL AUF DER EXPO REAL 2026 \u2013 SEHEN WIR UNS?V\u00d6LKEL AT EXPO REAL 2026 \u2013 SEE YOU THERE? - V\u00d6LKEL Real Estate | Hamburg","isPartOf":{"@id":"https:\/\/www.voelkel-re.de\/#website"},"primaryImageOfPage":{"@id":"https:\/\/www.voelkel-re.de\/en\/voelkel-at-expo-real-2026-see-you-there\/#primaryimage"},"image":{"@id":"https:\/\/www.voelkel-re.de\/en\/voelkel-at-expo-real-2026-see-you-there\/#primaryimage"},"thumbnailUrl":"https:\/\/www.voelkel-re.de\/wp-content\/uploads\/bild28.png","datePublished":"2026-08-17T13:09:29+00:00","dateModified":"2026-09-01T11:52:37+00:00","description":"Der Countdown l\u00e4uft \u2013 die EXPO REAL, der Branchentreffpunkt der Immobilienbranche, steht vor der T\u00fcr.V\u00d6LKEL ist auch in diesem Jahr vom 05. bis 07. Oktober auf der Messe vertreten.Treffen Sie unsere Experten f\u00fcr Asset Management, Leasing, Center Management, Property Management, Projektmanagement Consulting und HR.Vereinbaren Sie Ihren Termin unter vermietung@voelkel-re.de oder telefonisch +49 40 189 8128-21.Wir freuen uns auf Sie.","breadcrumb":{"@id":"https:\/\/www.voelkel-re.de\/en\/voelkel-at-expo-real-2026-see-you-there\/#breadcrumb"},"inLanguage":"en-US","potentialAction":[{"@type":"ReadAction","target":["https:\/\/www.voelkel-re.de\/en\/voelkel-at-expo-real-2026-see-you-there\/"]}]},{"@type":"ImageObject","inLanguage":"en-US","@id":"https:\/\/www.voelkel-re.de\/en\/voelkel-at-expo-real-2026-see-you-there\/#primaryimage","url":"https:\/\/www.voelkel-re.de\/wp-content\/uploads\/bild28.png","contentUrl":"https:\/\/www.voelkel-re.de\/wp-content\/uploads\/bild28.png","width":1920,"height":1440,"caption":"V\u00f6lkel bei der Expo 26"},{"@type":"BreadcrumbList","@id":"https:\/\/www.voelkel-re.de\/en\/voelkel-at-expo-real-2026-see-you-there\/#breadcrumb","itemListElement":[{"@type":"ListItem","position":1,"name":"Startseite","item":"https:\/\/www.voelkel-re.de\/en\/"},{"@type":"ListItem","position":2,"name":"V\u00d6LKEL AT EXPO REAL 2026 \u2013 SEE YOU THERE?"}]},{"@type":"WebSite","@id":"https:\/\/www.voelkel-re.de\/#website","url":"https:\/\/www.voelkel-re.de\/","name":"V\u00d6LKEL Real Estate | Hamburg","description":"Immobiliendienstleistungen f\u00fcr Handels- und Gewerbeimmobilien","publisher":{"@id":"https:\/\/www.voelkel-re.de\/#organization"},"potentialAction":[{"@type":"SearchAction","target":{"@type":"EntryPoint","urlTemplate":"https:\/\/www.voelkel-re.de\/?s={search_term_string}"},"query-input":{"@type":"PropertyValueSpecification","valueRequired":true,"valueName":"search_term_string"}}],"inLanguage":"en-US"},{"@type":"Organization","@id":"https:\/\/www.voelkel-re.de\/#organization","name":"V\u00d6LKEL Real Estate | Hamburg","url":"https:\/\/www.voelkel-re.de\/","logo":{"@type":"ImageObject","inLanguage":"en-US","@id":"https:\/\/www.voelkel-re.de\/#\/schema\/logo\/image\/","url":"https:\/\/www.voelkel-re.de\/wp-content\/uploads\/VOELKEL-Logo.jpg","contentUrl":"https:\/\/www.voelkel-re.de\/wp-content\/uploads\/VOELKEL-Logo.jpg","width":1600,"height":900,"caption":"V\u00d6LKEL Real Estate | Hamburg"},"image":{"@id":"https:\/\/www.voelkel-re.de\/#\/schema\/logo\/image\/"},"sameAs":["https:\/\/de.linkedin.com\/company\/voelkel-real-estate"]},{"@type":"Person","@id":"https:\/\/www.voelkel-re.de\/#\/schema\/person\/ad63c19cd2b78fbe1b4707e79a4e594f","name":"Svenja Scheibe","url":"https:\/\/www.voelkel-re.de\/en\/author\/scheibevoelkel-re-de\/"}]}},"_links":{"self":[{"href":"https:\/\/www.voelkel-re.de\/en\/wp-json\/wp\/v2\/posts\/6013","targetHints":{"allow":["GET"]}}],"collection":[{"href":"https:\/\/www.voelkel-re.de\/en\/wp-json\/wp\/v2\/posts"}],"about":[{"href":"https:\/\/www.voelkel-re.de\/en\/wp-json\/wp\/v2\/types\/post"}],"author":[{"embeddable":true,"href":"https:\/\/www.voelkel-re.de\/en\/wp-json\/wp\/v2\/users\/3"}],"replies":[{"embeddable":true,"href":"https:\/\/www.voelkel-re.de\/en\/wp-json\/wp\/v2\/comments?post=6013"}],"version-history":[{"count":1,"href":"https:\/\/www.voelkel-re.de\/en\/wp-json\/wp\/v2\/posts\/6013\/revisions"}],"predecessor-version":[{"id":6014,"href":"https:\/\/www.voelkel-re.de\/en\/wp-json\/wp\/v2\/posts\/6013\/revisions\/6014"}],"wp:featuredmedia":[{"embeddable":true,"href":"https:\/\/www.voelkel-re.de\/en\/wp-json\/wp\/v2\/media\/5993"}],"wp:attachment":[{"href":"https:\/\/www.voelkel-re.de\/en\/wp-json\/wp\/v2\/media?parent=6013"}],"wp:term":[{"taxonomy":"category","embeddable":true,"href":"https:\/\/www.voelkel-re.de\/en\/wp-json\/wp\/v2\/categories?post=6013"},{"taxonomy":"post_tag","embeddable":true,"href":"https:\/\/www.voelkel-re.de\/en\/wp-json\/wp\/v2\/tags?post=6013"}],"curies":[{"name":"wp","href":"https:\/\/api.w.org\/{rel}","templated":true}]}}