{"id":5213,"date":"2025-04-04T14:17:02","date_gmt":"2025-04-04T12:17:02","guid":{"rendered":"https:\/\/www.voelkel-re.de\/stilwerk-duesseldorf-becomes-duewell-the-gallery-mall-for-the-extraordinary\/"},"modified":"2025-04-04T14:17:29","modified_gmt":"2025-04-04T12:17:29","slug":"stilwerk-duesseldorf-becomes-duewell-the-gallery-mall-for-the-extraordinary","status":"publish","type":"post","link":"https:\/\/www.voelkel-re.de\/en\/stilwerk-duesseldorf-becomes-duewell-the-gallery-mall-for-the-extraordinary\/","title":{"rendered":"stilwerk D\u00fcsseldorf becomes d\u00fcwell &#8211; the gallery mall for the extraordinary"},"content":{"rendered":"\n<p>Dr. Sylvia Nielius, together with D\u00fcsseldorf&#8217;s Lord Mayor Dr. Stephan Keller, officially launched the new name on 31 March 2025:<br\/>For more than 25 years, stilwerk D\u00fcsseldorf has been known as d\u00fcwell &#8211; the gallery mall for the extraordinary. &#8220;We are expanding the building, which once focused strictly on interior design,&#8221; emphasizes Dr. Sylvia Nielius from V\u00d6LKEL Real Estate GmbH. The experienced placemaking expert supports the investor in making the Gallery Mall a favorite place again as a mixed-use property.<br\/> <br\/>Together with Nikolai Walter, Head of Asset &amp; Property Management at Aroundtown, the Lord Mayor Dr. Stephan Keller, Andrea Greuner as Managing Director of IG K\u00d6 and D\u00fcsseldorf artist Jacques Tilly, she presented his individually designed cake with the new name &#8211; d\u00fcwell &#8211; a symbolic act to mark the new start.<br\/> <br\/>The new name d\u00fcwell represents a striking connection between the word syllable &#8220;D\u00dc&#8221; for D\u00fcsseldorf and the term &#8220;WELL&#8221;, which stands for well-being, well-being and well-being. This combination describes a place that stands for a special shopping experience &#8211; a place where people like to linger if they are looking for something special.<br\/> <br\/>&#8220;With this new concept, Aroundtown is laying the foundations for repositioning this premium property in line with the current needs of our clientele.&#8221;, says Nikolai Walter, Head of Asset &amp; Property Management.<br\/> <br\/>In future, suppliers from the beauty, lifestyle &amp; concept stores and health sectors will be able to set up store in d\u00fcwell, offering a special shopping experience together with exclusive furniture brands and art galleries. The modern coworking space on the third floor already represents a successful first step in this direction. The concept is complemented by events and pop-up stores<\/p>\n","protected":false},"excerpt":{"rendered":"<p>Dr. Sylvia Nielius, together with D\u00fcsseldorf&#8217;s Lord Mayor Dr. Stephan Keller, officially launched the new name on 31 March 2025:For more than 25 years, stilwerk D\u00fcsseldorf has been known as d\u00fcwell &#8211; the gallery mall for the extraordinary. &#8220;We are expanding the building, which once focused strictly on interior design,&#8221; emphasizes Dr. Sylvia Nielius from [&hellip;]<\/p>\n","protected":false},"author":4,"featured_media":5206,"comment_status":"closed","ping_status":"closed","sticky":false,"template":"","format":"standard","meta":{"_acf_changed":false,"footnotes":""},"categories":[1],"tags":[],"class_list":["post-5213","post","type-post","status-publish","format-standard","has-post-thumbnail","hentry","category-unkategorisiert"],"acf":[],"yoast_head":"<!-- This site is optimized with the Yoast SEO plugin v27.5 - https:\/\/yoast.com\/product\/yoast-seo-wordpress\/ -->\n<title>stilwerk D\u00fcsseldorf becomes d\u00fcwell - the gallery mall for the extraordinary - V\u00d6LKEL Real Estate | Hamburg<\/title>\n<meta name=\"robots\" content=\"index, follow, max-snippet:-1, max-image-preview:large, max-video-preview:-1\" \/>\n<link rel=\"canonical\" href=\"https:\/\/www.voelkel-re.de\/en\/stilwerk-duesseldorf-becomes-duewell-the-gallery-mall-for-the-extraordinary\/\" \/>\n<meta property=\"og:locale\" content=\"en_US\" \/>\n<meta property=\"og:type\" content=\"article\" \/>\n<meta property=\"og:title\" content=\"stilwerk D\u00fcsseldorf becomes d\u00fcwell - the gallery mall for the extraordinary - V\u00d6LKEL Real Estate | Hamburg\" \/>\n<meta property=\"og:description\" content=\"Dr. Sylvia Nielius, together with D\u00fcsseldorf&#8217;s Lord Mayor Dr. Stephan Keller, officially launched the new name on 31 March 2025:For more than 25 years, stilwerk D\u00fcsseldorf has been known as d\u00fcwell &#8211; the gallery mall for the extraordinary. &#8220;We are expanding the building, which once focused strictly on interior design,&#8221; emphasizes Dr. Sylvia Nielius from [&hellip;]\" \/>\n<meta property=\"og:url\" content=\"https:\/\/www.voelkel-re.de\/en\/stilwerk-duesseldorf-becomes-duewell-the-gallery-mall-for-the-extraordinary\/\" \/>\n<meta property=\"og:site_name\" content=\"V\u00d6LKEL Real Estate | Hamburg\" \/>\n<meta property=\"article:published_time\" content=\"2025-04-04T12:17:02+00:00\" \/>\n<meta property=\"article:modified_time\" content=\"2025-04-04T12:17:29+00:00\" \/>\n<meta property=\"og:image\" content=\"https:\/\/www.voelkel-re.de\/wp-content\/uploads\/7-DSC00123-Enhanced-NR-scaled.jpg\" \/>\n\t<meta property=\"og:image:width\" content=\"2048\" \/>\n\t<meta property=\"og:image:height\" content=\"1153\" \/>\n\t<meta property=\"og:image:type\" content=\"image\/jpeg\" \/>\n<meta name=\"author\" content=\"office@voelkel-re.de\" \/>\n<meta name=\"twitter:card\" content=\"summary_large_image\" \/>\n<meta name=\"twitter:label1\" content=\"Written by\" \/>\n\t<meta name=\"twitter:data1\" content=\"office@voelkel-re.de\" \/>\n\t<meta name=\"twitter:label2\" content=\"Est. reading time\" \/>\n\t<meta name=\"twitter:data2\" content=\"1 minute\" \/>\n<script type=\"application\/ld+json\" class=\"yoast-schema-graph\">{\"@context\":\"https:\\\/\\\/schema.org\",\"@graph\":[{\"@type\":\"Article\",\"@id\":\"https:\\\/\\\/www.voelkel-re.de\\\/en\\\/stilwerk-duesseldorf-becomes-duewell-the-gallery-mall-for-the-extraordinary\\\/#article\",\"isPartOf\":{\"@id\":\"https:\\\/\\\/www.voelkel-re.de\\\/en\\\/stilwerk-duesseldorf-becomes-duewell-the-gallery-mall-for-the-extraordinary\\\/\"},\"author\":{\"name\":\"office@voelkel-re.de\",\"@id\":\"https:\\\/\\\/www.voelkel-re.de\\\/#\\\/schema\\\/person\\\/f5b8fbc369b1342588b6105161cb7456\"},\"headline\":\"stilwerk D\u00fcsseldorf becomes d\u00fcwell &#8211; the gallery mall for the extraordinary\",\"datePublished\":\"2025-04-04T12:17:02+00:00\",\"dateModified\":\"2025-04-04T12:17:29+00:00\",\"mainEntityOfPage\":{\"@id\":\"https:\\\/\\\/www.voelkel-re.de\\\/en\\\/stilwerk-duesseldorf-becomes-duewell-the-gallery-mall-for-the-extraordinary\\\/\"},\"wordCount\":298,\"publisher\":{\"@id\":\"https:\\\/\\\/www.voelkel-re.de\\\/#organization\"},\"image\":{\"@id\":\"https:\\\/\\\/www.voelkel-re.de\\\/en\\\/stilwerk-duesseldorf-becomes-duewell-the-gallery-mall-for-the-extraordinary\\\/#primaryimage\"},\"thumbnailUrl\":\"https:\\\/\\\/www.voelkel-re.de\\\/wp-content\\\/uploads\\\/7-DSC00123-Enhanced-NR-scaled.jpg\",\"articleSection\":[\"Unkategorisiert\"],\"inLanguage\":\"en-US\"},{\"@type\":\"WebPage\",\"@id\":\"https:\\\/\\\/www.voelkel-re.de\\\/en\\\/stilwerk-duesseldorf-becomes-duewell-the-gallery-mall-for-the-extraordinary\\\/\",\"url\":\"https:\\\/\\\/www.voelkel-re.de\\\/en\\\/stilwerk-duesseldorf-becomes-duewell-the-gallery-mall-for-the-extraordinary\\\/\",\"name\":\"stilwerk D\u00fcsseldorf becomes d\u00fcwell - the gallery mall for the extraordinary - V\u00d6LKEL Real Estate | Hamburg\",\"isPartOf\":{\"@id\":\"https:\\\/\\\/www.voelkel-re.de\\\/#website\"},\"primaryImageOfPage\":{\"@id\":\"https:\\\/\\\/www.voelkel-re.de\\\/en\\\/stilwerk-duesseldorf-becomes-duewell-the-gallery-mall-for-the-extraordinary\\\/#primaryimage\"},\"image\":{\"@id\":\"https:\\\/\\\/www.voelkel-re.de\\\/en\\\/stilwerk-duesseldorf-becomes-duewell-the-gallery-mall-for-the-extraordinary\\\/#primaryimage\"},\"thumbnailUrl\":\"https:\\\/\\\/www.voelkel-re.de\\\/wp-content\\\/uploads\\\/7-DSC00123-Enhanced-NR-scaled.jpg\",\"datePublished\":\"2025-04-04T12:17:02+00:00\",\"dateModified\":\"2025-04-04T12:17:29+00:00\",\"breadcrumb\":{\"@id\":\"https:\\\/\\\/www.voelkel-re.de\\\/en\\\/stilwerk-duesseldorf-becomes-duewell-the-gallery-mall-for-the-extraordinary\\\/#breadcrumb\"},\"inLanguage\":\"en-US\",\"potentialAction\":[{\"@type\":\"ReadAction\",\"target\":[\"https:\\\/\\\/www.voelkel-re.de\\\/en\\\/stilwerk-duesseldorf-becomes-duewell-the-gallery-mall-for-the-extraordinary\\\/\"]}]},{\"@type\":\"ImageObject\",\"inLanguage\":\"en-US\",\"@id\":\"https:\\\/\\\/www.voelkel-re.de\\\/en\\\/stilwerk-duesseldorf-becomes-duewell-the-gallery-mall-for-the-extraordinary\\\/#primaryimage\",\"url\":\"https:\\\/\\\/www.voelkel-re.de\\\/wp-content\\\/uploads\\\/7-DSC00123-Enhanced-NR-scaled.jpg\",\"contentUrl\":\"https:\\\/\\\/www.voelkel-re.de\\\/wp-content\\\/uploads\\\/7-DSC00123-Enhanced-NR-scaled.jpg\",\"width\":2048,\"height\":1153,\"caption\":\"d\u00fcwell - die Galerie-Mall f\u00fcr das Besondere\"},{\"@type\":\"BreadcrumbList\",\"@id\":\"https:\\\/\\\/www.voelkel-re.de\\\/en\\\/stilwerk-duesseldorf-becomes-duewell-the-gallery-mall-for-the-extraordinary\\\/#breadcrumb\",\"itemListElement\":[{\"@type\":\"ListItem\",\"position\":1,\"name\":\"Startseite\",\"item\":\"https:\\\/\\\/www.voelkel-re.de\\\/en\\\/\"},{\"@type\":\"ListItem\",\"position\":2,\"name\":\"stilwerk D\u00fcsseldorf becomes d\u00fcwell &#8211; the gallery mall for the extraordinary\"}]},{\"@type\":\"WebSite\",\"@id\":\"https:\\\/\\\/www.voelkel-re.de\\\/#website\",\"url\":\"https:\\\/\\\/www.voelkel-re.de\\\/\",\"name\":\"V\u00d6LKEL Real Estate | Hamburg\",\"description\":\"Immobiliendienstleistungen f\u00fcr Handels- und Gewerbeimmobilien\",\"publisher\":{\"@id\":\"https:\\\/\\\/www.voelkel-re.de\\\/#organization\"},\"potentialAction\":[{\"@type\":\"SearchAction\",\"target\":{\"@type\":\"EntryPoint\",\"urlTemplate\":\"https:\\\/\\\/www.voelkel-re.de\\\/?s={search_term_string}\"},\"query-input\":{\"@type\":\"PropertyValueSpecification\",\"valueRequired\":true,\"valueName\":\"search_term_string\"}}],\"inLanguage\":\"en-US\"},{\"@type\":\"Organization\",\"@id\":\"https:\\\/\\\/www.voelkel-re.de\\\/#organization\",\"name\":\"V\u00d6LKEL Real Estate | Hamburg\",\"url\":\"https:\\\/\\\/www.voelkel-re.de\\\/\",\"logo\":{\"@type\":\"ImageObject\",\"inLanguage\":\"en-US\",\"@id\":\"https:\\\/\\\/www.voelkel-re.de\\\/#\\\/schema\\\/logo\\\/image\\\/\",\"url\":\"https:\\\/\\\/www.voelkel-re.de\\\/wp-content\\\/uploads\\\/VOELKEL-Logo.jpg\",\"contentUrl\":\"https:\\\/\\\/www.voelkel-re.de\\\/wp-content\\\/uploads\\\/VOELKEL-Logo.jpg\",\"width\":1600,\"height\":900,\"caption\":\"V\u00d6LKEL Real Estate | Hamburg\"},\"image\":{\"@id\":\"https:\\\/\\\/www.voelkel-re.de\\\/#\\\/schema\\\/logo\\\/image\\\/\"},\"sameAs\":[\"https:\\\/\\\/de.linkedin.com\\\/company\\\/voelkel-real-estate\"]},{\"@type\":\"Person\",\"@id\":\"https:\\\/\\\/www.voelkel-re.de\\\/#\\\/schema\\\/person\\\/f5b8fbc369b1342588b6105161cb7456\",\"name\":\"office@voelkel-re.de\",\"url\":\"https:\\\/\\\/www.voelkel-re.de\\\/en\\\/author\\\/officevoelkel-re-de\\\/\"}]}<\/script>\n<!-- \/ Yoast SEO plugin. -->","yoast_head_json":{"title":"stilwerk D\u00fcsseldorf becomes d\u00fcwell - the gallery mall for the extraordinary - V\u00d6LKEL Real Estate | Hamburg","robots":{"index":"index","follow":"follow","max-snippet":"max-snippet:-1","max-image-preview":"max-image-preview:large","max-video-preview":"max-video-preview:-1"},"canonical":"https:\/\/www.voelkel-re.de\/en\/stilwerk-duesseldorf-becomes-duewell-the-gallery-mall-for-the-extraordinary\/","og_locale":"en_US","og_type":"article","og_title":"stilwerk D\u00fcsseldorf becomes d\u00fcwell - the gallery mall for the extraordinary - V\u00d6LKEL Real Estate | Hamburg","og_description":"Dr. Sylvia Nielius, together with D\u00fcsseldorf&#8217;s Lord Mayor Dr. Stephan Keller, officially launched the new name on 31 March 2025:For more than 25 years, stilwerk D\u00fcsseldorf has been known as d\u00fcwell &#8211; the gallery mall for the extraordinary. &#8220;We are expanding the building, which once focused strictly on interior design,&#8221; emphasizes Dr. Sylvia Nielius from [&hellip;]","og_url":"https:\/\/www.voelkel-re.de\/en\/stilwerk-duesseldorf-becomes-duewell-the-gallery-mall-for-the-extraordinary\/","og_site_name":"V\u00d6LKEL Real Estate | Hamburg","article_published_time":"2025-04-04T12:17:02+00:00","article_modified_time":"2025-04-04T12:17:29+00:00","og_image":[{"width":2048,"height":1153,"url":"https:\/\/www.voelkel-re.de\/wp-content\/uploads\/7-DSC00123-Enhanced-NR-scaled.jpg","type":"image\/jpeg"}],"author":"office@voelkel-re.de","twitter_card":"summary_large_image","twitter_misc":{"Written by":"office@voelkel-re.de","Est. reading time":"1 minute"},"schema":{"@context":"https:\/\/schema.org","@graph":[{"@type":"Article","@id":"https:\/\/www.voelkel-re.de\/en\/stilwerk-duesseldorf-becomes-duewell-the-gallery-mall-for-the-extraordinary\/#article","isPartOf":{"@id":"https:\/\/www.voelkel-re.de\/en\/stilwerk-duesseldorf-becomes-duewell-the-gallery-mall-for-the-extraordinary\/"},"author":{"name":"office@voelkel-re.de","@id":"https:\/\/www.voelkel-re.de\/#\/schema\/person\/f5b8fbc369b1342588b6105161cb7456"},"headline":"stilwerk D\u00fcsseldorf becomes d\u00fcwell &#8211; the gallery mall for the extraordinary","datePublished":"2025-04-04T12:17:02+00:00","dateModified":"2025-04-04T12:17:29+00:00","mainEntityOfPage":{"@id":"https:\/\/www.voelkel-re.de\/en\/stilwerk-duesseldorf-becomes-duewell-the-gallery-mall-for-the-extraordinary\/"},"wordCount":298,"publisher":{"@id":"https:\/\/www.voelkel-re.de\/#organization"},"image":{"@id":"https:\/\/www.voelkel-re.de\/en\/stilwerk-duesseldorf-becomes-duewell-the-gallery-mall-for-the-extraordinary\/#primaryimage"},"thumbnailUrl":"https:\/\/www.voelkel-re.de\/wp-content\/uploads\/7-DSC00123-Enhanced-NR-scaled.jpg","articleSection":["Unkategorisiert"],"inLanguage":"en-US"},{"@type":"WebPage","@id":"https:\/\/www.voelkel-re.de\/en\/stilwerk-duesseldorf-becomes-duewell-the-gallery-mall-for-the-extraordinary\/","url":"https:\/\/www.voelkel-re.de\/en\/stilwerk-duesseldorf-becomes-duewell-the-gallery-mall-for-the-extraordinary\/","name":"stilwerk D\u00fcsseldorf becomes d\u00fcwell - the gallery mall for the extraordinary - V\u00d6LKEL Real Estate | Hamburg","isPartOf":{"@id":"https:\/\/www.voelkel-re.de\/#website"},"primaryImageOfPage":{"@id":"https:\/\/www.voelkel-re.de\/en\/stilwerk-duesseldorf-becomes-duewell-the-gallery-mall-for-the-extraordinary\/#primaryimage"},"image":{"@id":"https:\/\/www.voelkel-re.de\/en\/stilwerk-duesseldorf-becomes-duewell-the-gallery-mall-for-the-extraordinary\/#primaryimage"},"thumbnailUrl":"https:\/\/www.voelkel-re.de\/wp-content\/uploads\/7-DSC00123-Enhanced-NR-scaled.jpg","datePublished":"2025-04-04T12:17:02+00:00","dateModified":"2025-04-04T12:17:29+00:00","breadcrumb":{"@id":"https:\/\/www.voelkel-re.de\/en\/stilwerk-duesseldorf-becomes-duewell-the-gallery-mall-for-the-extraordinary\/#breadcrumb"},"inLanguage":"en-US","potentialAction":[{"@type":"ReadAction","target":["https:\/\/www.voelkel-re.de\/en\/stilwerk-duesseldorf-becomes-duewell-the-gallery-mall-for-the-extraordinary\/"]}]},{"@type":"ImageObject","inLanguage":"en-US","@id":"https:\/\/www.voelkel-re.de\/en\/stilwerk-duesseldorf-becomes-duewell-the-gallery-mall-for-the-extraordinary\/#primaryimage","url":"https:\/\/www.voelkel-re.de\/wp-content\/uploads\/7-DSC00123-Enhanced-NR-scaled.jpg","contentUrl":"https:\/\/www.voelkel-re.de\/wp-content\/uploads\/7-DSC00123-Enhanced-NR-scaled.jpg","width":2048,"height":1153,"caption":"d\u00fcwell - die Galerie-Mall f\u00fcr das Besondere"},{"@type":"BreadcrumbList","@id":"https:\/\/www.voelkel-re.de\/en\/stilwerk-duesseldorf-becomes-duewell-the-gallery-mall-for-the-extraordinary\/#breadcrumb","itemListElement":[{"@type":"ListItem","position":1,"name":"Startseite","item":"https:\/\/www.voelkel-re.de\/en\/"},{"@type":"ListItem","position":2,"name":"stilwerk D\u00fcsseldorf becomes d\u00fcwell &#8211; the gallery mall for the extraordinary"}]},{"@type":"WebSite","@id":"https:\/\/www.voelkel-re.de\/#website","url":"https:\/\/www.voelkel-re.de\/","name":"V\u00d6LKEL Real Estate | Hamburg","description":"Immobiliendienstleistungen f\u00fcr Handels- und Gewerbeimmobilien","publisher":{"@id":"https:\/\/www.voelkel-re.de\/#organization"},"potentialAction":[{"@type":"SearchAction","target":{"@type":"EntryPoint","urlTemplate":"https:\/\/www.voelkel-re.de\/?s={search_term_string}"},"query-input":{"@type":"PropertyValueSpecification","valueRequired":true,"valueName":"search_term_string"}}],"inLanguage":"en-US"},{"@type":"Organization","@id":"https:\/\/www.voelkel-re.de\/#organization","name":"V\u00d6LKEL Real Estate | Hamburg","url":"https:\/\/www.voelkel-re.de\/","logo":{"@type":"ImageObject","inLanguage":"en-US","@id":"https:\/\/www.voelkel-re.de\/#\/schema\/logo\/image\/","url":"https:\/\/www.voelkel-re.de\/wp-content\/uploads\/VOELKEL-Logo.jpg","contentUrl":"https:\/\/www.voelkel-re.de\/wp-content\/uploads\/VOELKEL-Logo.jpg","width":1600,"height":900,"caption":"V\u00d6LKEL Real Estate | Hamburg"},"image":{"@id":"https:\/\/www.voelkel-re.de\/#\/schema\/logo\/image\/"},"sameAs":["https:\/\/de.linkedin.com\/company\/voelkel-real-estate"]},{"@type":"Person","@id":"https:\/\/www.voelkel-re.de\/#\/schema\/person\/f5b8fbc369b1342588b6105161cb7456","name":"office@voelkel-re.de","url":"https:\/\/www.voelkel-re.de\/en\/author\/officevoelkel-re-de\/"}]}},"_links":{"self":[{"href":"https:\/\/www.voelkel-re.de\/en\/wp-json\/wp\/v2\/posts\/5213","targetHints":{"allow":["GET"]}}],"collection":[{"href":"https:\/\/www.voelkel-re.de\/en\/wp-json\/wp\/v2\/posts"}],"about":[{"href":"https:\/\/www.voelkel-re.de\/en\/wp-json\/wp\/v2\/types\/post"}],"author":[{"embeddable":true,"href":"https:\/\/www.voelkel-re.de\/en\/wp-json\/wp\/v2\/users\/4"}],"replies":[{"embeddable":true,"href":"https:\/\/www.voelkel-re.de\/en\/wp-json\/wp\/v2\/comments?post=5213"}],"version-history":[{"count":1,"href":"https:\/\/www.voelkel-re.de\/en\/wp-json\/wp\/v2\/posts\/5213\/revisions"}],"predecessor-version":[{"id":5214,"href":"https:\/\/www.voelkel-re.de\/en\/wp-json\/wp\/v2\/posts\/5213\/revisions\/5214"}],"wp:featuredmedia":[{"embeddable":true,"href":"https:\/\/www.voelkel-re.de\/en\/wp-json\/wp\/v2\/media\/5206"}],"wp:attachment":[{"href":"https:\/\/www.voelkel-re.de\/en\/wp-json\/wp\/v2\/media?parent=5213"}],"wp:term":[{"taxonomy":"category","embeddable":true,"href":"https:\/\/www.voelkel-re.de\/en\/wp-json\/wp\/v2\/categories?post=5213"},{"taxonomy":"post_tag","embeddable":true,"href":"https:\/\/www.voelkel-re.de\/en\/wp-json\/wp\/v2\/tags?post=5213"}],"curies":[{"name":"wp","href":"https:\/\/api.w.org\/{rel}","templated":true}]}}