{"id":4892,"date":"2024-08-29T13:04:48","date_gmt":"2024-08-29T11:04:48","guid":{"rendered":"https:\/\/www.voelkel-re.de\/kauf-park-goettingen-mediamarkt-opens-on-29-08-2024\/"},"modified":"2024-09-11T12:41:24","modified_gmt":"2024-09-11T10:41:24","slug":"kauf-park-goettingen-mediamarkt-opens-on-29-08-2024","status":"publish","type":"post","link":"https:\/\/www.voelkel-re.de\/en\/kauf-park-goettingen-mediamarkt-opens-on-29-08-2024\/","title":{"rendered":"Kauf Park G\u00f6ttingen &#8211; MediaMarkt opens on 29.08.2024"},"content":{"rendered":"\n<p>As part of the long-term development of the Kauf Park in G\u00f6ttingen, V\u00d6LKEL Real Estate and Deka Immobilien have brought the consumer electronics retailer MediaMarkt into the center.<\/p>\n\n<p>The center now boasts three market leaders as large-scale anchor tenants: Kaufland, Obi and MediaMarkt.<\/p>\n\n<p>MediaMarkt will further strengthen the supply function for the region, supported by tenants such as Aldi, Deichmann, Intersport, tegut, Rossmann, Christ, Thalia, Depot, Camp David and numerous other strong chain stores as well as regionally successful retailers, restaurateurs and service providers.  <strong><\/strong><\/p>\n\n<p>After a conversion phase of six months, during which the entire rental space was gutted, renovated and furnished, Media Markt opened its core format on Thursday, August 29.\nMedia Markt opened with its core format, further strengthening the importance of the Kauf Park for the region.\nCovering an area of around 1,800 square meters, the store stocks the full range of products.\nThe focus is on touching, trying out and experiencing the products, as well as personal advice on site.\nComprehensive services round off the offer.\nCustomers can also access MediaMarkt&#8217;s entire online range via the connection to the online store.     <\/p>\n\n<p>R\u00fcdiger Hampe, Managing Director of V\u00f6lkel Real Estate GmbH, is pleased with the new tenant: &#8220;The letting to the market leader MediaMarkt is a great success for Kauf Park and, following the letting to Kaufland in 2022, represents a further step in the site-specific development of the former real rental space.&#8221;<\/p>\n\n<p><strong>Lower Saxony&#8217;s largest retail park  <\/strong><strong><em><\/em><\/strong><\/p>\n\n<p>The Kauf Park in G\u00f6ttingen was built in 1998 and, with a sales area of approx. 45,000 sqm and over 10,000 visitors a day, it is the largest retail park in southern Lower Saxony. The center is easily accessible for customers via the A7, A44 and A38 as well as via the B3 from G\u00f6ttingen. The space is leased on a long-term basis and the focus is on covering daily needs with groceries and drugstore items, but also includes a DIY store, a garden center and restaurants. Tenants include Kaufland, Obi, Aldi and Tegut.<\/p>\n\n<p>Kauf Park G\u00f6ttingen has been managed by V\u00d6LKEL Real Estate as a full service since 2019. The V\u00d6LKEL Group was founded in Hamburg in 2004 and, in addition to operational property management, offers a wide range of other services relating to the life cycle of a property. She has been working for Deka Immobilien for many years and now manages various shopping centers and retail parks for the investor.<\/p>\n\n<p>Deka Immobilien acquired the property in 2019 as an internal joint venture between the special funds WestInvest TargetSelect Shopping, Domus-Deutschland-Fonds Nr. 2 and Domus-Einzelhandel-Deutschland.<\/p>\n","protected":false},"excerpt":{"rendered":"<p>MediaMarkt opens in Kauf Park G\u00f6ttingen<\/p>\n","protected":false},"author":4,"featured_media":4760,"comment_status":"closed","ping_status":"closed","sticky":false,"template":"","format":"standard","meta":{"_acf_changed":false,"footnotes":""},"categories":[1],"tags":[88,87,86,89],"class_list":["post-4892","post","type-post","status-publish","format-standard","has-post-thumbnail","hentry","category-unkategorisiert","tag-department-store","tag-mediamarkt-en","tag-purchase-park-goettingen","tag-rental-success"],"acf":[],"yoast_head":"<!-- This site is optimized with the Yoast SEO plugin v27.5 - https:\/\/yoast.com\/product\/yoast-seo-wordpress\/ -->\n<title>Kauf Park G\u00f6ttingen - MediaMarkt opens on 29.08.2024 - V\u00d6LKEL Real Estate | Hamburg<\/title>\n<meta name=\"robots\" content=\"index, follow, max-snippet:-1, max-image-preview:large, max-video-preview:-1\" \/>\n<link rel=\"canonical\" href=\"https:\/\/www.voelkel-re.de\/en\/kauf-park-goettingen-mediamarkt-opens-on-29-08-2024\/\" \/>\n<meta property=\"og:locale\" content=\"en_US\" \/>\n<meta property=\"og:type\" content=\"article\" \/>\n<meta property=\"og:title\" content=\"Kauf Park G\u00f6ttingen - MediaMarkt opens on 29.08.2024 - V\u00d6LKEL Real Estate | Hamburg\" \/>\n<meta property=\"og:description\" content=\"MediaMarkt opens in Kauf Park G\u00f6ttingen\" \/>\n<meta property=\"og:url\" content=\"https:\/\/www.voelkel-re.de\/en\/kauf-park-goettingen-mediamarkt-opens-on-29-08-2024\/\" \/>\n<meta property=\"og:site_name\" content=\"V\u00d6LKEL Real Estate | Hamburg\" \/>\n<meta property=\"article:published_time\" content=\"2024-08-29T11:04:48+00:00\" \/>\n<meta property=\"article:modified_time\" content=\"2024-09-11T10:41:24+00:00\" \/>\n<meta property=\"og:image\" content=\"https:\/\/www.voelkel-re.de\/wp-content\/uploads\/KPG_MMS_290824.jpg\" \/>\n\t<meta property=\"og:image:width\" content=\"768\" \/>\n\t<meta property=\"og:image:height\" content=\"768\" \/>\n\t<meta property=\"og:image:type\" content=\"image\/jpeg\" \/>\n<meta name=\"author\" content=\"office@voelkel-re.de\" \/>\n<meta name=\"twitter:card\" content=\"summary_large_image\" \/>\n<meta name=\"twitter:label1\" content=\"Written by\" \/>\n\t<meta name=\"twitter:data1\" content=\"office@voelkel-re.de\" \/>\n\t<meta name=\"twitter:label2\" content=\"Est. reading time\" \/>\n\t<meta name=\"twitter:data2\" content=\"2 minutes\" \/>\n<script type=\"application\/ld+json\" class=\"yoast-schema-graph\">{\"@context\":\"https:\\\/\\\/schema.org\",\"@graph\":[{\"@type\":\"Article\",\"@id\":\"https:\\\/\\\/www.voelkel-re.de\\\/en\\\/kauf-park-goettingen-mediamarkt-opens-on-29-08-2024\\\/#article\",\"isPartOf\":{\"@id\":\"https:\\\/\\\/www.voelkel-re.de\\\/en\\\/kauf-park-goettingen-mediamarkt-opens-on-29-08-2024\\\/\"},\"author\":{\"name\":\"office@voelkel-re.de\",\"@id\":\"https:\\\/\\\/www.voelkel-re.de\\\/#\\\/schema\\\/person\\\/f5b8fbc369b1342588b6105161cb7456\"},\"headline\":\"Kauf Park G\u00f6ttingen &#8211; MediaMarkt opens on 29.08.2024\",\"datePublished\":\"2024-08-29T11:04:48+00:00\",\"dateModified\":\"2024-09-11T10:41:24+00:00\",\"mainEntityOfPage\":{\"@id\":\"https:\\\/\\\/www.voelkel-re.de\\\/en\\\/kauf-park-goettingen-mediamarkt-opens-on-29-08-2024\\\/\"},\"wordCount\":437,\"publisher\":{\"@id\":\"https:\\\/\\\/www.voelkel-re.de\\\/#organization\"},\"image\":{\"@id\":\"https:\\\/\\\/www.voelkel-re.de\\\/en\\\/kauf-park-goettingen-mediamarkt-opens-on-29-08-2024\\\/#primaryimage\"},\"thumbnailUrl\":\"https:\\\/\\\/www.voelkel-re.de\\\/wp-content\\\/uploads\\\/KPG_MMS_290824.jpg\",\"keywords\":[\"Department store\",\"MediaMarkt\",\"Purchase Park G\u00f6ttingen\",\"Rental success\"],\"articleSection\":[\"Unkategorisiert\"],\"inLanguage\":\"en-US\"},{\"@type\":\"WebPage\",\"@id\":\"https:\\\/\\\/www.voelkel-re.de\\\/en\\\/kauf-park-goettingen-mediamarkt-opens-on-29-08-2024\\\/\",\"url\":\"https:\\\/\\\/www.voelkel-re.de\\\/en\\\/kauf-park-goettingen-mediamarkt-opens-on-29-08-2024\\\/\",\"name\":\"Kauf Park G\u00f6ttingen - MediaMarkt opens on 29.08.2024 - V\u00d6LKEL Real Estate | Hamburg\",\"isPartOf\":{\"@id\":\"https:\\\/\\\/www.voelkel-re.de\\\/#website\"},\"primaryImageOfPage\":{\"@id\":\"https:\\\/\\\/www.voelkel-re.de\\\/en\\\/kauf-park-goettingen-mediamarkt-opens-on-29-08-2024\\\/#primaryimage\"},\"image\":{\"@id\":\"https:\\\/\\\/www.voelkel-re.de\\\/en\\\/kauf-park-goettingen-mediamarkt-opens-on-29-08-2024\\\/#primaryimage\"},\"thumbnailUrl\":\"https:\\\/\\\/www.voelkel-re.de\\\/wp-content\\\/uploads\\\/KPG_MMS_290824.jpg\",\"datePublished\":\"2024-08-29T11:04:48+00:00\",\"dateModified\":\"2024-09-11T10:41:24+00:00\",\"breadcrumb\":{\"@id\":\"https:\\\/\\\/www.voelkel-re.de\\\/en\\\/kauf-park-goettingen-mediamarkt-opens-on-29-08-2024\\\/#breadcrumb\"},\"inLanguage\":\"en-US\",\"potentialAction\":[{\"@type\":\"ReadAction\",\"target\":[\"https:\\\/\\\/www.voelkel-re.de\\\/en\\\/kauf-park-goettingen-mediamarkt-opens-on-29-08-2024\\\/\"]}]},{\"@type\":\"ImageObject\",\"inLanguage\":\"en-US\",\"@id\":\"https:\\\/\\\/www.voelkel-re.de\\\/en\\\/kauf-park-goettingen-mediamarkt-opens-on-29-08-2024\\\/#primaryimage\",\"url\":\"https:\\\/\\\/www.voelkel-re.de\\\/wp-content\\\/uploads\\\/KPG_MMS_290824.jpg\",\"contentUrl\":\"https:\\\/\\\/www.voelkel-re.de\\\/wp-content\\\/uploads\\\/KPG_MMS_290824.jpg\",\"width\":768,\"height\":768,\"caption\":\"Im Kauf Park G\u00f6ttingen\"},{\"@type\":\"BreadcrumbList\",\"@id\":\"https:\\\/\\\/www.voelkel-re.de\\\/en\\\/kauf-park-goettingen-mediamarkt-opens-on-29-08-2024\\\/#breadcrumb\",\"itemListElement\":[{\"@type\":\"ListItem\",\"position\":1,\"name\":\"Startseite\",\"item\":\"https:\\\/\\\/www.voelkel-re.de\\\/en\\\/\"},{\"@type\":\"ListItem\",\"position\":2,\"name\":\"Kauf Park G\u00f6ttingen &#8211; MediaMarkt opens on 29.08.2024\"}]},{\"@type\":\"WebSite\",\"@id\":\"https:\\\/\\\/www.voelkel-re.de\\\/#website\",\"url\":\"https:\\\/\\\/www.voelkel-re.de\\\/\",\"name\":\"V\u00d6LKEL Real Estate | Hamburg\",\"description\":\"Immobiliendienstleistungen f\u00fcr Handels- und Gewerbeimmobilien\",\"publisher\":{\"@id\":\"https:\\\/\\\/www.voelkel-re.de\\\/#organization\"},\"potentialAction\":[{\"@type\":\"SearchAction\",\"target\":{\"@type\":\"EntryPoint\",\"urlTemplate\":\"https:\\\/\\\/www.voelkel-re.de\\\/?s={search_term_string}\"},\"query-input\":{\"@type\":\"PropertyValueSpecification\",\"valueRequired\":true,\"valueName\":\"search_term_string\"}}],\"inLanguage\":\"en-US\"},{\"@type\":\"Organization\",\"@id\":\"https:\\\/\\\/www.voelkel-re.de\\\/#organization\",\"name\":\"V\u00d6LKEL Real Estate | Hamburg\",\"url\":\"https:\\\/\\\/www.voelkel-re.de\\\/\",\"logo\":{\"@type\":\"ImageObject\",\"inLanguage\":\"en-US\",\"@id\":\"https:\\\/\\\/www.voelkel-re.de\\\/#\\\/schema\\\/logo\\\/image\\\/\",\"url\":\"https:\\\/\\\/www.voelkel-re.de\\\/wp-content\\\/uploads\\\/VOELKEL-Logo.jpg\",\"contentUrl\":\"https:\\\/\\\/www.voelkel-re.de\\\/wp-content\\\/uploads\\\/VOELKEL-Logo.jpg\",\"width\":1600,\"height\":900,\"caption\":\"V\u00d6LKEL Real Estate | Hamburg\"},\"image\":{\"@id\":\"https:\\\/\\\/www.voelkel-re.de\\\/#\\\/schema\\\/logo\\\/image\\\/\"},\"sameAs\":[\"https:\\\/\\\/de.linkedin.com\\\/company\\\/voelkel-real-estate\"]},{\"@type\":\"Person\",\"@id\":\"https:\\\/\\\/www.voelkel-re.de\\\/#\\\/schema\\\/person\\\/f5b8fbc369b1342588b6105161cb7456\",\"name\":\"office@voelkel-re.de\",\"url\":\"https:\\\/\\\/www.voelkel-re.de\\\/en\\\/author\\\/officevoelkel-re-de\\\/\"}]}<\/script>\n<!-- \/ Yoast SEO plugin. -->","yoast_head_json":{"title":"Kauf Park G\u00f6ttingen - MediaMarkt opens on 29.08.2024 - V\u00d6LKEL Real Estate | Hamburg","robots":{"index":"index","follow":"follow","max-snippet":"max-snippet:-1","max-image-preview":"max-image-preview:large","max-video-preview":"max-video-preview:-1"},"canonical":"https:\/\/www.voelkel-re.de\/en\/kauf-park-goettingen-mediamarkt-opens-on-29-08-2024\/","og_locale":"en_US","og_type":"article","og_title":"Kauf Park G\u00f6ttingen - MediaMarkt opens on 29.08.2024 - V\u00d6LKEL Real Estate | Hamburg","og_description":"MediaMarkt opens in Kauf Park G\u00f6ttingen","og_url":"https:\/\/www.voelkel-re.de\/en\/kauf-park-goettingen-mediamarkt-opens-on-29-08-2024\/","og_site_name":"V\u00d6LKEL Real Estate | Hamburg","article_published_time":"2024-08-29T11:04:48+00:00","article_modified_time":"2024-09-11T10:41:24+00:00","og_image":[{"width":768,"height":768,"url":"https:\/\/www.voelkel-re.de\/wp-content\/uploads\/KPG_MMS_290824.jpg","type":"image\/jpeg"}],"author":"office@voelkel-re.de","twitter_card":"summary_large_image","twitter_misc":{"Written by":"office@voelkel-re.de","Est. reading time":"2 minutes"},"schema":{"@context":"https:\/\/schema.org","@graph":[{"@type":"Article","@id":"https:\/\/www.voelkel-re.de\/en\/kauf-park-goettingen-mediamarkt-opens-on-29-08-2024\/#article","isPartOf":{"@id":"https:\/\/www.voelkel-re.de\/en\/kauf-park-goettingen-mediamarkt-opens-on-29-08-2024\/"},"author":{"name":"office@voelkel-re.de","@id":"https:\/\/www.voelkel-re.de\/#\/schema\/person\/f5b8fbc369b1342588b6105161cb7456"},"headline":"Kauf Park G\u00f6ttingen &#8211; MediaMarkt opens on 29.08.2024","datePublished":"2024-08-29T11:04:48+00:00","dateModified":"2024-09-11T10:41:24+00:00","mainEntityOfPage":{"@id":"https:\/\/www.voelkel-re.de\/en\/kauf-park-goettingen-mediamarkt-opens-on-29-08-2024\/"},"wordCount":437,"publisher":{"@id":"https:\/\/www.voelkel-re.de\/#organization"},"image":{"@id":"https:\/\/www.voelkel-re.de\/en\/kauf-park-goettingen-mediamarkt-opens-on-29-08-2024\/#primaryimage"},"thumbnailUrl":"https:\/\/www.voelkel-re.de\/wp-content\/uploads\/KPG_MMS_290824.jpg","keywords":["Department store","MediaMarkt","Purchase Park G\u00f6ttingen","Rental success"],"articleSection":["Unkategorisiert"],"inLanguage":"en-US"},{"@type":"WebPage","@id":"https:\/\/www.voelkel-re.de\/en\/kauf-park-goettingen-mediamarkt-opens-on-29-08-2024\/","url":"https:\/\/www.voelkel-re.de\/en\/kauf-park-goettingen-mediamarkt-opens-on-29-08-2024\/","name":"Kauf Park G\u00f6ttingen - MediaMarkt opens on 29.08.2024 - V\u00d6LKEL Real Estate | Hamburg","isPartOf":{"@id":"https:\/\/www.voelkel-re.de\/#website"},"primaryImageOfPage":{"@id":"https:\/\/www.voelkel-re.de\/en\/kauf-park-goettingen-mediamarkt-opens-on-29-08-2024\/#primaryimage"},"image":{"@id":"https:\/\/www.voelkel-re.de\/en\/kauf-park-goettingen-mediamarkt-opens-on-29-08-2024\/#primaryimage"},"thumbnailUrl":"https:\/\/www.voelkel-re.de\/wp-content\/uploads\/KPG_MMS_290824.jpg","datePublished":"2024-08-29T11:04:48+00:00","dateModified":"2024-09-11T10:41:24+00:00","breadcrumb":{"@id":"https:\/\/www.voelkel-re.de\/en\/kauf-park-goettingen-mediamarkt-opens-on-29-08-2024\/#breadcrumb"},"inLanguage":"en-US","potentialAction":[{"@type":"ReadAction","target":["https:\/\/www.voelkel-re.de\/en\/kauf-park-goettingen-mediamarkt-opens-on-29-08-2024\/"]}]},{"@type":"ImageObject","inLanguage":"en-US","@id":"https:\/\/www.voelkel-re.de\/en\/kauf-park-goettingen-mediamarkt-opens-on-29-08-2024\/#primaryimage","url":"https:\/\/www.voelkel-re.de\/wp-content\/uploads\/KPG_MMS_290824.jpg","contentUrl":"https:\/\/www.voelkel-re.de\/wp-content\/uploads\/KPG_MMS_290824.jpg","width":768,"height":768,"caption":"Im Kauf Park G\u00f6ttingen"},{"@type":"BreadcrumbList","@id":"https:\/\/www.voelkel-re.de\/en\/kauf-park-goettingen-mediamarkt-opens-on-29-08-2024\/#breadcrumb","itemListElement":[{"@type":"ListItem","position":1,"name":"Startseite","item":"https:\/\/www.voelkel-re.de\/en\/"},{"@type":"ListItem","position":2,"name":"Kauf Park G\u00f6ttingen &#8211; MediaMarkt opens on 29.08.2024"}]},{"@type":"WebSite","@id":"https:\/\/www.voelkel-re.de\/#website","url":"https:\/\/www.voelkel-re.de\/","name":"V\u00d6LKEL Real Estate | Hamburg","description":"Immobiliendienstleistungen f\u00fcr Handels- und Gewerbeimmobilien","publisher":{"@id":"https:\/\/www.voelkel-re.de\/#organization"},"potentialAction":[{"@type":"SearchAction","target":{"@type":"EntryPoint","urlTemplate":"https:\/\/www.voelkel-re.de\/?s={search_term_string}"},"query-input":{"@type":"PropertyValueSpecification","valueRequired":true,"valueName":"search_term_string"}}],"inLanguage":"en-US"},{"@type":"Organization","@id":"https:\/\/www.voelkel-re.de\/#organization","name":"V\u00d6LKEL Real Estate | Hamburg","url":"https:\/\/www.voelkel-re.de\/","logo":{"@type":"ImageObject","inLanguage":"en-US","@id":"https:\/\/www.voelkel-re.de\/#\/schema\/logo\/image\/","url":"https:\/\/www.voelkel-re.de\/wp-content\/uploads\/VOELKEL-Logo.jpg","contentUrl":"https:\/\/www.voelkel-re.de\/wp-content\/uploads\/VOELKEL-Logo.jpg","width":1600,"height":900,"caption":"V\u00d6LKEL Real Estate | Hamburg"},"image":{"@id":"https:\/\/www.voelkel-re.de\/#\/schema\/logo\/image\/"},"sameAs":["https:\/\/de.linkedin.com\/company\/voelkel-real-estate"]},{"@type":"Person","@id":"https:\/\/www.voelkel-re.de\/#\/schema\/person\/f5b8fbc369b1342588b6105161cb7456","name":"office@voelkel-re.de","url":"https:\/\/www.voelkel-re.de\/en\/author\/officevoelkel-re-de\/"}]}},"_links":{"self":[{"href":"https:\/\/www.voelkel-re.de\/en\/wp-json\/wp\/v2\/posts\/4892","targetHints":{"allow":["GET"]}}],"collection":[{"href":"https:\/\/www.voelkel-re.de\/en\/wp-json\/wp\/v2\/posts"}],"about":[{"href":"https:\/\/www.voelkel-re.de\/en\/wp-json\/wp\/v2\/types\/post"}],"author":[{"embeddable":true,"href":"https:\/\/www.voelkel-re.de\/en\/wp-json\/wp\/v2\/users\/4"}],"replies":[{"embeddable":true,"href":"https:\/\/www.voelkel-re.de\/en\/wp-json\/wp\/v2\/comments?post=4892"}],"version-history":[{"count":1,"href":"https:\/\/www.voelkel-re.de\/en\/wp-json\/wp\/v2\/posts\/4892\/revisions"}],"predecessor-version":[{"id":4893,"href":"https:\/\/www.voelkel-re.de\/en\/wp-json\/wp\/v2\/posts\/4892\/revisions\/4893"}],"wp:featuredmedia":[{"embeddable":true,"href":"https:\/\/www.voelkel-re.de\/en\/wp-json\/wp\/v2\/media\/4760"}],"wp:attachment":[{"href":"https:\/\/www.voelkel-re.de\/en\/wp-json\/wp\/v2\/media?parent=4892"}],"wp:term":[{"taxonomy":"category","embeddable":true,"href":"https:\/\/www.voelkel-re.de\/en\/wp-json\/wp\/v2\/categories?post=4892"},{"taxonomy":"post_tag","embeddable":true,"href":"https:\/\/www.voelkel-re.de\/en\/wp-json\/wp\/v2\/tags?post=4892"}],"curies":[{"name":"wp","href":"https:\/\/api.w.org\/{rel}","templated":true}]}}