{"id":4590,"date":"2024-05-10T11:13:26","date_gmt":"2024-05-10T09:13:26","guid":{"rendered":"https:\/\/www.voelkel-re.de\/mediamarkt-opens-after-renovation-in-kamp-promenade-osnabrueck\/"},"modified":"2024-05-10T11:13:47","modified_gmt":"2024-05-10T09:13:47","slug":"mediamarkt-opens-after-renovation-in-kamp-promenade-osnabrueck","status":"publish","type":"post","link":"https:\/\/www.voelkel-re.de\/en\/mediamarkt-opens-after-renovation-in-kamp-promenade-osnabrueck\/","title":{"rendered":"MediaMarkt opens after renovation in Kamp-Promenade Osnabr\u00fcck"},"content":{"rendered":"\n<p>MediaMarkt-City Osnabr\u00fcck and the Kamp-Promenade Osnabr\u00fcck celebrate the completion of extensive renovation work. At the end of last year, V\u00d6LKEL successfully extended the lease agreement between Media-Saturn and Deka-Immobilien on a long-term basis.<\/p>\n\n<p>With the conclusion of the contract extension, Media-Saturn has decided to convert the previous Saturn store to the current MediaMarkt concept.<\/p>\n\n<p>After 4 weeks of renovation and expansion work in technology and store fitting, the store and Kamp-Promenade celebrated with special events. &#8220;It is a great pleasure for us to be able to open this state-of-the-art store in our shopping district together with the Managing Director, Matthias Komp,&#8221; said Center Manager Bernard Banning as he presented a bouquet of flowers, naturally in the colors of the MediaMarkt logo.<\/p>\n\n<p>In addition to rodeo riding and countless demonstrations of the latest technology trends in all departments, the &#8220;Flashday&#8221; by tattoo studio Vacuo from Osnabr\u00fcck was a highlight of the opening ceremony. Even before the store on Kamp-Promenade opened, long queues formed in front of MediaMarkt.<\/p>\n\n<p><a href=\"https:\/\/www.linkedin.com\/company\/voelkel-real-estate\/\">V\u00d6LKEL Real Estate GmbH<\/a> has been managing the Kamp-Promenade in Osnabr\u00fcck on a full-service basis since 2017.  <a href=\"https:\/\/www.linkedin.com\/company\/voelkel-real-estate\/\">V\u00d6LKEL Real Estate GmbH<\/a> has been commissioned with the center management and re-letting of Kamp-Promenade and has been working for the investor <a href=\"https:\/\/www.linkedin.com\/company\/deka-immobilien\/\">Deka Immobilien<\/a> and its real estate funds for several years and now manages several of the investor&#8217;s shopping centers and retail parks. Image: <em>FASZINATIONS-FOTOGRAFIE by Holger Bulk<\/em><\/p>\n","protected":false},"excerpt":{"rendered":"<p>Kamp Promenade Osnabr\u00fcck celebrates new MediaMarkt opening<\/p>\n","protected":false},"author":4,"featured_media":4587,"comment_status":"closed","ping_status":"closed","sticky":false,"template":"","format":"standard","meta":{"_acf_changed":false,"footnotes":""},"categories":[1],"tags":[],"class_list":["post-4590","post","type-post","status-publish","format-standard","has-post-thumbnail","hentry","category-unkategorisiert"],"acf":[],"yoast_head":"<!-- This site is optimized with the Yoast SEO plugin v27.5 - https:\/\/yoast.com\/product\/yoast-seo-wordpress\/ -->\n<title>MediaMarkt opens after renovation in Kamp-Promenade Osnabr\u00fcck - V\u00d6LKEL Real Estate | Hamburg<\/title>\n<meta name=\"robots\" content=\"index, follow, max-snippet:-1, max-image-preview:large, max-video-preview:-1\" \/>\n<link rel=\"canonical\" href=\"https:\/\/www.voelkel-re.de\/en\/mediamarkt-opens-after-renovation-in-kamp-promenade-osnabrueck\/\" \/>\n<meta property=\"og:locale\" content=\"en_US\" \/>\n<meta property=\"og:type\" content=\"article\" \/>\n<meta property=\"og:title\" content=\"MediaMarkt opens after renovation in Kamp-Promenade Osnabr\u00fcck - V\u00d6LKEL Real Estate | Hamburg\" \/>\n<meta property=\"og:description\" content=\"Kamp Promenade Osnabr\u00fcck celebrates new MediaMarkt opening\" \/>\n<meta property=\"og:url\" content=\"https:\/\/www.voelkel-re.de\/en\/mediamarkt-opens-after-renovation-in-kamp-promenade-osnabrueck\/\" \/>\n<meta property=\"og:site_name\" content=\"V\u00d6LKEL Real Estate | Hamburg\" \/>\n<meta property=\"article:published_time\" content=\"2024-05-10T09:13:26+00:00\" \/>\n<meta property=\"article:modified_time\" content=\"2024-05-10T09:13:47+00:00\" \/>\n<meta property=\"og:image\" content=\"https:\/\/www.voelkel-re.de\/wp-content\/uploads\/2024_05_FASZINATIONS-FOTOGRAFIE_\u00a9HolgerBulk-19-scaled.jpg\" \/>\n\t<meta property=\"og:image:width\" content=\"1366\" \/>\n\t<meta property=\"og:image:height\" content=\"2048\" \/>\n\t<meta property=\"og:image:type\" content=\"image\/jpeg\" \/>\n<meta name=\"author\" content=\"office@voelkel-re.de\" \/>\n<meta name=\"twitter:card\" content=\"summary_large_image\" \/>\n<meta name=\"twitter:label1\" content=\"Written by\" \/>\n\t<meta name=\"twitter:data1\" content=\"office@voelkel-re.de\" \/>\n\t<meta name=\"twitter:label2\" content=\"Est. reading time\" \/>\n\t<meta name=\"twitter:data2\" content=\"1 minute\" \/>\n<script type=\"application\/ld+json\" class=\"yoast-schema-graph\">{\"@context\":\"https:\\\/\\\/schema.org\",\"@graph\":[{\"@type\":\"Article\",\"@id\":\"https:\\\/\\\/www.voelkel-re.de\\\/en\\\/mediamarkt-opens-after-renovation-in-kamp-promenade-osnabrueck\\\/#article\",\"isPartOf\":{\"@id\":\"https:\\\/\\\/www.voelkel-re.de\\\/en\\\/mediamarkt-opens-after-renovation-in-kamp-promenade-osnabrueck\\\/\"},\"author\":{\"name\":\"office@voelkel-re.de\",\"@id\":\"https:\\\/\\\/www.voelkel-re.de\\\/#\\\/schema\\\/person\\\/f5b8fbc369b1342588b6105161cb7456\"},\"headline\":\"MediaMarkt opens after renovation in Kamp-Promenade Osnabr\u00fcck\",\"datePublished\":\"2024-05-10T09:13:26+00:00\",\"dateModified\":\"2024-05-10T09:13:47+00:00\",\"mainEntityOfPage\":{\"@id\":\"https:\\\/\\\/www.voelkel-re.de\\\/en\\\/mediamarkt-opens-after-renovation-in-kamp-promenade-osnabrueck\\\/\"},\"wordCount\":246,\"publisher\":{\"@id\":\"https:\\\/\\\/www.voelkel-re.de\\\/#organization\"},\"image\":{\"@id\":\"https:\\\/\\\/www.voelkel-re.de\\\/en\\\/mediamarkt-opens-after-renovation-in-kamp-promenade-osnabrueck\\\/#primaryimage\"},\"thumbnailUrl\":\"https:\\\/\\\/www.voelkel-re.de\\\/wp-content\\\/uploads\\\/2024_05_FASZINATIONS-FOTOGRAFIE_\u00a9HolgerBulk-19-scaled.jpg\",\"articleSection\":[\"Unkategorisiert\"],\"inLanguage\":\"en-US\"},{\"@type\":\"WebPage\",\"@id\":\"https:\\\/\\\/www.voelkel-re.de\\\/en\\\/mediamarkt-opens-after-renovation-in-kamp-promenade-osnabrueck\\\/\",\"url\":\"https:\\\/\\\/www.voelkel-re.de\\\/en\\\/mediamarkt-opens-after-renovation-in-kamp-promenade-osnabrueck\\\/\",\"name\":\"MediaMarkt opens after renovation in Kamp-Promenade Osnabr\u00fcck - V\u00d6LKEL Real Estate | Hamburg\",\"isPartOf\":{\"@id\":\"https:\\\/\\\/www.voelkel-re.de\\\/#website\"},\"primaryImageOfPage\":{\"@id\":\"https:\\\/\\\/www.voelkel-re.de\\\/en\\\/mediamarkt-opens-after-renovation-in-kamp-promenade-osnabrueck\\\/#primaryimage\"},\"image\":{\"@id\":\"https:\\\/\\\/www.voelkel-re.de\\\/en\\\/mediamarkt-opens-after-renovation-in-kamp-promenade-osnabrueck\\\/#primaryimage\"},\"thumbnailUrl\":\"https:\\\/\\\/www.voelkel-re.de\\\/wp-content\\\/uploads\\\/2024_05_FASZINATIONS-FOTOGRAFIE_\u00a9HolgerBulk-19-scaled.jpg\",\"datePublished\":\"2024-05-10T09:13:26+00:00\",\"dateModified\":\"2024-05-10T09:13:47+00:00\",\"breadcrumb\":{\"@id\":\"https:\\\/\\\/www.voelkel-re.de\\\/en\\\/mediamarkt-opens-after-renovation-in-kamp-promenade-osnabrueck\\\/#breadcrumb\"},\"inLanguage\":\"en-US\",\"potentialAction\":[{\"@type\":\"ReadAction\",\"target\":[\"https:\\\/\\\/www.voelkel-re.de\\\/en\\\/mediamarkt-opens-after-renovation-in-kamp-promenade-osnabrueck\\\/\"]}]},{\"@type\":\"ImageObject\",\"inLanguage\":\"en-US\",\"@id\":\"https:\\\/\\\/www.voelkel-re.de\\\/en\\\/mediamarkt-opens-after-renovation-in-kamp-promenade-osnabrueck\\\/#primaryimage\",\"url\":\"https:\\\/\\\/www.voelkel-re.de\\\/wp-content\\\/uploads\\\/2024_05_FASZINATIONS-FOTOGRAFIE_\u00a9HolgerBulk-19-scaled.jpg\",\"contentUrl\":\"https:\\\/\\\/www.voelkel-re.de\\\/wp-content\\\/uploads\\\/2024_05_FASZINATIONS-FOTOGRAFIE_\u00a9HolgerBulk-19-scaled.jpg\",\"width\":1366,\"height\":2048,\"caption\":\"FASZINATIONS-FOTOGRAFIE_\u00a9HolgerBulk.jpg\"},{\"@type\":\"BreadcrumbList\",\"@id\":\"https:\\\/\\\/www.voelkel-re.de\\\/en\\\/mediamarkt-opens-after-renovation-in-kamp-promenade-osnabrueck\\\/#breadcrumb\",\"itemListElement\":[{\"@type\":\"ListItem\",\"position\":1,\"name\":\"Startseite\",\"item\":\"https:\\\/\\\/www.voelkel-re.de\\\/en\\\/\"},{\"@type\":\"ListItem\",\"position\":2,\"name\":\"MediaMarkt opens after renovation in Kamp-Promenade Osnabr\u00fcck\"}]},{\"@type\":\"WebSite\",\"@id\":\"https:\\\/\\\/www.voelkel-re.de\\\/#website\",\"url\":\"https:\\\/\\\/www.voelkel-re.de\\\/\",\"name\":\"V\u00d6LKEL Real Estate | Hamburg\",\"description\":\"Immobiliendienstleistungen f\u00fcr Handels- und Gewerbeimmobilien\",\"publisher\":{\"@id\":\"https:\\\/\\\/www.voelkel-re.de\\\/#organization\"},\"potentialAction\":[{\"@type\":\"SearchAction\",\"target\":{\"@type\":\"EntryPoint\",\"urlTemplate\":\"https:\\\/\\\/www.voelkel-re.de\\\/?s={search_term_string}\"},\"query-input\":{\"@type\":\"PropertyValueSpecification\",\"valueRequired\":true,\"valueName\":\"search_term_string\"}}],\"inLanguage\":\"en-US\"},{\"@type\":\"Organization\",\"@id\":\"https:\\\/\\\/www.voelkel-re.de\\\/#organization\",\"name\":\"V\u00d6LKEL Real Estate | Hamburg\",\"url\":\"https:\\\/\\\/www.voelkel-re.de\\\/\",\"logo\":{\"@type\":\"ImageObject\",\"inLanguage\":\"en-US\",\"@id\":\"https:\\\/\\\/www.voelkel-re.de\\\/#\\\/schema\\\/logo\\\/image\\\/\",\"url\":\"https:\\\/\\\/www.voelkel-re.de\\\/wp-content\\\/uploads\\\/VOELKEL-Logo.jpg\",\"contentUrl\":\"https:\\\/\\\/www.voelkel-re.de\\\/wp-content\\\/uploads\\\/VOELKEL-Logo.jpg\",\"width\":1600,\"height\":900,\"caption\":\"V\u00d6LKEL Real Estate | Hamburg\"},\"image\":{\"@id\":\"https:\\\/\\\/www.voelkel-re.de\\\/#\\\/schema\\\/logo\\\/image\\\/\"},\"sameAs\":[\"https:\\\/\\\/de.linkedin.com\\\/company\\\/voelkel-real-estate\"]},{\"@type\":\"Person\",\"@id\":\"https:\\\/\\\/www.voelkel-re.de\\\/#\\\/schema\\\/person\\\/f5b8fbc369b1342588b6105161cb7456\",\"name\":\"office@voelkel-re.de\",\"url\":\"https:\\\/\\\/www.voelkel-re.de\\\/en\\\/author\\\/officevoelkel-re-de\\\/\"}]}<\/script>\n<!-- \/ Yoast SEO plugin. -->","yoast_head_json":{"title":"MediaMarkt opens after renovation in Kamp-Promenade Osnabr\u00fcck - V\u00d6LKEL Real Estate | Hamburg","robots":{"index":"index","follow":"follow","max-snippet":"max-snippet:-1","max-image-preview":"max-image-preview:large","max-video-preview":"max-video-preview:-1"},"canonical":"https:\/\/www.voelkel-re.de\/en\/mediamarkt-opens-after-renovation-in-kamp-promenade-osnabrueck\/","og_locale":"en_US","og_type":"article","og_title":"MediaMarkt opens after renovation in Kamp-Promenade Osnabr\u00fcck - V\u00d6LKEL Real Estate | Hamburg","og_description":"Kamp Promenade Osnabr\u00fcck celebrates new MediaMarkt opening","og_url":"https:\/\/www.voelkel-re.de\/en\/mediamarkt-opens-after-renovation-in-kamp-promenade-osnabrueck\/","og_site_name":"V\u00d6LKEL Real Estate | Hamburg","article_published_time":"2024-05-10T09:13:26+00:00","article_modified_time":"2024-05-10T09:13:47+00:00","og_image":[{"width":1366,"height":2048,"url":"https:\/\/www.voelkel-re.de\/wp-content\/uploads\/2024_05_FASZINATIONS-FOTOGRAFIE_\u00a9HolgerBulk-19-scaled.jpg","type":"image\/jpeg"}],"author":"office@voelkel-re.de","twitter_card":"summary_large_image","twitter_misc":{"Written by":"office@voelkel-re.de","Est. reading time":"1 minute"},"schema":{"@context":"https:\/\/schema.org","@graph":[{"@type":"Article","@id":"https:\/\/www.voelkel-re.de\/en\/mediamarkt-opens-after-renovation-in-kamp-promenade-osnabrueck\/#article","isPartOf":{"@id":"https:\/\/www.voelkel-re.de\/en\/mediamarkt-opens-after-renovation-in-kamp-promenade-osnabrueck\/"},"author":{"name":"office@voelkel-re.de","@id":"https:\/\/www.voelkel-re.de\/#\/schema\/person\/f5b8fbc369b1342588b6105161cb7456"},"headline":"MediaMarkt opens after renovation in Kamp-Promenade Osnabr\u00fcck","datePublished":"2024-05-10T09:13:26+00:00","dateModified":"2024-05-10T09:13:47+00:00","mainEntityOfPage":{"@id":"https:\/\/www.voelkel-re.de\/en\/mediamarkt-opens-after-renovation-in-kamp-promenade-osnabrueck\/"},"wordCount":246,"publisher":{"@id":"https:\/\/www.voelkel-re.de\/#organization"},"image":{"@id":"https:\/\/www.voelkel-re.de\/en\/mediamarkt-opens-after-renovation-in-kamp-promenade-osnabrueck\/#primaryimage"},"thumbnailUrl":"https:\/\/www.voelkel-re.de\/wp-content\/uploads\/2024_05_FASZINATIONS-FOTOGRAFIE_\u00a9HolgerBulk-19-scaled.jpg","articleSection":["Unkategorisiert"],"inLanguage":"en-US"},{"@type":"WebPage","@id":"https:\/\/www.voelkel-re.de\/en\/mediamarkt-opens-after-renovation-in-kamp-promenade-osnabrueck\/","url":"https:\/\/www.voelkel-re.de\/en\/mediamarkt-opens-after-renovation-in-kamp-promenade-osnabrueck\/","name":"MediaMarkt opens after renovation in Kamp-Promenade Osnabr\u00fcck - V\u00d6LKEL Real Estate | Hamburg","isPartOf":{"@id":"https:\/\/www.voelkel-re.de\/#website"},"primaryImageOfPage":{"@id":"https:\/\/www.voelkel-re.de\/en\/mediamarkt-opens-after-renovation-in-kamp-promenade-osnabrueck\/#primaryimage"},"image":{"@id":"https:\/\/www.voelkel-re.de\/en\/mediamarkt-opens-after-renovation-in-kamp-promenade-osnabrueck\/#primaryimage"},"thumbnailUrl":"https:\/\/www.voelkel-re.de\/wp-content\/uploads\/2024_05_FASZINATIONS-FOTOGRAFIE_\u00a9HolgerBulk-19-scaled.jpg","datePublished":"2024-05-10T09:13:26+00:00","dateModified":"2024-05-10T09:13:47+00:00","breadcrumb":{"@id":"https:\/\/www.voelkel-re.de\/en\/mediamarkt-opens-after-renovation-in-kamp-promenade-osnabrueck\/#breadcrumb"},"inLanguage":"en-US","potentialAction":[{"@type":"ReadAction","target":["https:\/\/www.voelkel-re.de\/en\/mediamarkt-opens-after-renovation-in-kamp-promenade-osnabrueck\/"]}]},{"@type":"ImageObject","inLanguage":"en-US","@id":"https:\/\/www.voelkel-re.de\/en\/mediamarkt-opens-after-renovation-in-kamp-promenade-osnabrueck\/#primaryimage","url":"https:\/\/www.voelkel-re.de\/wp-content\/uploads\/2024_05_FASZINATIONS-FOTOGRAFIE_\u00a9HolgerBulk-19-scaled.jpg","contentUrl":"https:\/\/www.voelkel-re.de\/wp-content\/uploads\/2024_05_FASZINATIONS-FOTOGRAFIE_\u00a9HolgerBulk-19-scaled.jpg","width":1366,"height":2048,"caption":"FASZINATIONS-FOTOGRAFIE_\u00a9HolgerBulk.jpg"},{"@type":"BreadcrumbList","@id":"https:\/\/www.voelkel-re.de\/en\/mediamarkt-opens-after-renovation-in-kamp-promenade-osnabrueck\/#breadcrumb","itemListElement":[{"@type":"ListItem","position":1,"name":"Startseite","item":"https:\/\/www.voelkel-re.de\/en\/"},{"@type":"ListItem","position":2,"name":"MediaMarkt opens after renovation in Kamp-Promenade Osnabr\u00fcck"}]},{"@type":"WebSite","@id":"https:\/\/www.voelkel-re.de\/#website","url":"https:\/\/www.voelkel-re.de\/","name":"V\u00d6LKEL Real Estate | Hamburg","description":"Immobiliendienstleistungen f\u00fcr Handels- und Gewerbeimmobilien","publisher":{"@id":"https:\/\/www.voelkel-re.de\/#organization"},"potentialAction":[{"@type":"SearchAction","target":{"@type":"EntryPoint","urlTemplate":"https:\/\/www.voelkel-re.de\/?s={search_term_string}"},"query-input":{"@type":"PropertyValueSpecification","valueRequired":true,"valueName":"search_term_string"}}],"inLanguage":"en-US"},{"@type":"Organization","@id":"https:\/\/www.voelkel-re.de\/#organization","name":"V\u00d6LKEL Real Estate | Hamburg","url":"https:\/\/www.voelkel-re.de\/","logo":{"@type":"ImageObject","inLanguage":"en-US","@id":"https:\/\/www.voelkel-re.de\/#\/schema\/logo\/image\/","url":"https:\/\/www.voelkel-re.de\/wp-content\/uploads\/VOELKEL-Logo.jpg","contentUrl":"https:\/\/www.voelkel-re.de\/wp-content\/uploads\/VOELKEL-Logo.jpg","width":1600,"height":900,"caption":"V\u00d6LKEL Real Estate | Hamburg"},"image":{"@id":"https:\/\/www.voelkel-re.de\/#\/schema\/logo\/image\/"},"sameAs":["https:\/\/de.linkedin.com\/company\/voelkel-real-estate"]},{"@type":"Person","@id":"https:\/\/www.voelkel-re.de\/#\/schema\/person\/f5b8fbc369b1342588b6105161cb7456","name":"office@voelkel-re.de","url":"https:\/\/www.voelkel-re.de\/en\/author\/officevoelkel-re-de\/"}]}},"_links":{"self":[{"href":"https:\/\/www.voelkel-re.de\/en\/wp-json\/wp\/v2\/posts\/4590","targetHints":{"allow":["GET"]}}],"collection":[{"href":"https:\/\/www.voelkel-re.de\/en\/wp-json\/wp\/v2\/posts"}],"about":[{"href":"https:\/\/www.voelkel-re.de\/en\/wp-json\/wp\/v2\/types\/post"}],"author":[{"embeddable":true,"href":"https:\/\/www.voelkel-re.de\/en\/wp-json\/wp\/v2\/users\/4"}],"replies":[{"embeddable":true,"href":"https:\/\/www.voelkel-re.de\/en\/wp-json\/wp\/v2\/comments?post=4590"}],"version-history":[{"count":3,"href":"https:\/\/www.voelkel-re.de\/en\/wp-json\/wp\/v2\/posts\/4590\/revisions"}],"predecessor-version":[{"id":4593,"href":"https:\/\/www.voelkel-re.de\/en\/wp-json\/wp\/v2\/posts\/4590\/revisions\/4593"}],"wp:featuredmedia":[{"embeddable":true,"href":"https:\/\/www.voelkel-re.de\/en\/wp-json\/wp\/v2\/media\/4587"}],"wp:attachment":[{"href":"https:\/\/www.voelkel-re.de\/en\/wp-json\/wp\/v2\/media?parent=4590"}],"wp:term":[{"taxonomy":"category","embeddable":true,"href":"https:\/\/www.voelkel-re.de\/en\/wp-json\/wp\/v2\/categories?post=4590"},{"taxonomy":"post_tag","embeddable":true,"href":"https:\/\/www.voelkel-re.de\/en\/wp-json\/wp\/v2\/tags?post=4590"}],"curies":[{"name":"wp","href":"https:\/\/api.w.org\/{rel}","templated":true}]}}