{"id":4343,"date":"2024-01-10T10:57:41","date_gmt":"2024-01-10T09:57:41","guid":{"rendered":"https:\/\/www.voelkel-re.de\/track-record-leasing-from-voelkel-real-estate-in-2023\/"},"modified":"2024-01-11T11:30:03","modified_gmt":"2024-01-11T10:30:03","slug":"track-record-leasing-from-voelkel-real-estate-in-2023","status":"publish","type":"post","link":"https:\/\/www.voelkel-re.de\/en\/track-record-leasing-from-voelkel-real-estate-in-2023\/","title":{"rendered":"Track Record LEASING from V\u00d6LKEL Real Estate in 2023"},"content":{"rendered":"\n<p><strong>V\u00d6LKEL closes approx. 90 new rental agreements signed or actively extended<\/strong><\/p>\n\n<p><br\/>According to its own information, V\u00d6LKEL Real Estate has approx. 90 rental agreements and approx. 60,000 m\u00b2 for the managed portfolio were newly concluded or actively extended. This represents an increase of approx. 10%. 10%.<br\/>The trend in the retail sector towards shorter maturities was halted in the V\u00d6LKEL portfolio. The weighted average of new contracts and term extensions was above the previous year&#8217;s figures at a good 3.5 years.<br\/>The slight increase in average rents compared to the previous year was primarily influenced by the larger share of retail rental space in strong shopping centres in 2023.<\/p>\n\n<p><br\/>&#8220;After the challenging phase of the pandemic last year, we have noticed that many retailers are once again open to economically attractive offers of well-located, suitable space in strong retail properties and have secured their locations in established, economically functioning properties for longer,&#8221; says Managing Director for Development, Leasing and Revitalization, R\u00fcdiger Hampe.<br\/>This performance underlines V\u00d6LKEL&#8217;s claim to solution competence in asset management.<\/p>\n","protected":false},"excerpt":{"rendered":"<p>V\u00d6LKEL closes approx. 90 new rental agreements signed or actively extended According to its own information, V\u00d6LKEL Real Estate has approx. 90 rental agreements and approx. 60,000 m\u00b2 for the managed portfolio were newly concluded or actively extended. This represents an increase of approx. 10%. 10%.The trend in the retail sector towards shorter maturities was [&hellip;]<\/p>\n","protected":false},"author":4,"featured_media":4340,"comment_status":"closed","ping_status":"closed","sticky":false,"template":"","format":"standard","meta":{"_acf_changed":false,"footnotes":""},"categories":[1],"tags":[],"class_list":["post-4343","post","type-post","status-publish","format-standard","has-post-thumbnail","hentry","category-unkategorisiert"],"acf":[],"yoast_head":"<!-- This site is optimized with the Yoast SEO plugin v27.5 - https:\/\/yoast.com\/product\/yoast-seo-wordpress\/ -->\n<title>Track Record LEASING from V\u00d6LKEL Real Estate in 2023 - V\u00d6LKEL Real Estate | Hamburg<\/title>\n<meta name=\"robots\" content=\"index, follow, max-snippet:-1, max-image-preview:large, max-video-preview:-1\" \/>\n<link rel=\"canonical\" href=\"https:\/\/www.voelkel-re.de\/en\/track-record-leasing-from-voelkel-real-estate-in-2023\/\" \/>\n<meta property=\"og:locale\" content=\"en_US\" \/>\n<meta property=\"og:type\" content=\"article\" \/>\n<meta property=\"og:title\" content=\"Track Record LEASING from V\u00d6LKEL Real Estate in 2023 - V\u00d6LKEL Real Estate | Hamburg\" \/>\n<meta property=\"og:description\" content=\"V\u00d6LKEL closes approx. 90 new rental agreements signed or actively extended According to its own information, V\u00d6LKEL Real Estate has approx. 90 rental agreements and approx. 60,000 m\u00b2 for the managed portfolio were newly concluded or actively extended. This represents an increase of approx. 10%. 10%.The trend in the retail sector towards shorter maturities was [&hellip;]\" \/>\n<meta property=\"og:url\" content=\"https:\/\/www.voelkel-re.de\/en\/track-record-leasing-from-voelkel-real-estate-in-2023\/\" \/>\n<meta property=\"og:site_name\" content=\"V\u00d6LKEL Real Estate | Hamburg\" \/>\n<meta property=\"article:published_time\" content=\"2024-01-10T09:57:41+00:00\" \/>\n<meta property=\"article:modified_time\" content=\"2024-01-11T10:30:03+00:00\" \/>\n<meta property=\"og:image\" content=\"https:\/\/www.voelkel-re.de\/wp-content\/uploads\/Track-Record-24.jpg\" \/>\n\t<meta property=\"og:image:width\" content=\"1920\" \/>\n\t<meta property=\"og:image:height\" content=\"1440\" \/>\n\t<meta property=\"og:image:type\" content=\"image\/jpeg\" \/>\n<meta name=\"author\" content=\"office@voelkel-re.de\" \/>\n<meta name=\"twitter:card\" content=\"summary_large_image\" \/>\n<meta name=\"twitter:label1\" content=\"Written by\" \/>\n\t<meta name=\"twitter:data1\" content=\"office@voelkel-re.de\" \/>\n\t<meta name=\"twitter:label2\" content=\"Est. reading time\" \/>\n\t<meta name=\"twitter:data2\" content=\"1 minute\" \/>\n<script type=\"application\/ld+json\" class=\"yoast-schema-graph\">{\"@context\":\"https:\\\/\\\/schema.org\",\"@graph\":[{\"@type\":\"Article\",\"@id\":\"https:\\\/\\\/www.voelkel-re.de\\\/en\\\/track-record-leasing-from-voelkel-real-estate-in-2023\\\/#article\",\"isPartOf\":{\"@id\":\"https:\\\/\\\/www.voelkel-re.de\\\/en\\\/track-record-leasing-from-voelkel-real-estate-in-2023\\\/\"},\"author\":{\"name\":\"office@voelkel-re.de\",\"@id\":\"https:\\\/\\\/www.voelkel-re.de\\\/#\\\/schema\\\/person\\\/f5b8fbc369b1342588b6105161cb7456\"},\"headline\":\"Track Record LEASING from V\u00d6LKEL Real Estate in 2023\",\"datePublished\":\"2024-01-10T09:57:41+00:00\",\"dateModified\":\"2024-01-11T10:30:03+00:00\",\"mainEntityOfPage\":{\"@id\":\"https:\\\/\\\/www.voelkel-re.de\\\/en\\\/track-record-leasing-from-voelkel-real-estate-in-2023\\\/\"},\"wordCount\":182,\"publisher\":{\"@id\":\"https:\\\/\\\/www.voelkel-re.de\\\/#organization\"},\"image\":{\"@id\":\"https:\\\/\\\/www.voelkel-re.de\\\/en\\\/track-record-leasing-from-voelkel-real-estate-in-2023\\\/#primaryimage\"},\"thumbnailUrl\":\"https:\\\/\\\/www.voelkel-re.de\\\/wp-content\\\/uploads\\\/Track-Record-24.jpg\",\"articleSection\":[\"Unkategorisiert\"],\"inLanguage\":\"en-US\"},{\"@type\":\"WebPage\",\"@id\":\"https:\\\/\\\/www.voelkel-re.de\\\/en\\\/track-record-leasing-from-voelkel-real-estate-in-2023\\\/\",\"url\":\"https:\\\/\\\/www.voelkel-re.de\\\/en\\\/track-record-leasing-from-voelkel-real-estate-in-2023\\\/\",\"name\":\"Track Record LEASING from V\u00d6LKEL Real Estate in 2023 - V\u00d6LKEL Real Estate | Hamburg\",\"isPartOf\":{\"@id\":\"https:\\\/\\\/www.voelkel-re.de\\\/#website\"},\"primaryImageOfPage\":{\"@id\":\"https:\\\/\\\/www.voelkel-re.de\\\/en\\\/track-record-leasing-from-voelkel-real-estate-in-2023\\\/#primaryimage\"},\"image\":{\"@id\":\"https:\\\/\\\/www.voelkel-re.de\\\/en\\\/track-record-leasing-from-voelkel-real-estate-in-2023\\\/#primaryimage\"},\"thumbnailUrl\":\"https:\\\/\\\/www.voelkel-re.de\\\/wp-content\\\/uploads\\\/Track-Record-24.jpg\",\"datePublished\":\"2024-01-10T09:57:41+00:00\",\"dateModified\":\"2024-01-11T10:30:03+00:00\",\"breadcrumb\":{\"@id\":\"https:\\\/\\\/www.voelkel-re.de\\\/en\\\/track-record-leasing-from-voelkel-real-estate-in-2023\\\/#breadcrumb\"},\"inLanguage\":\"en-US\",\"potentialAction\":[{\"@type\":\"ReadAction\",\"target\":[\"https:\\\/\\\/www.voelkel-re.de\\\/en\\\/track-record-leasing-from-voelkel-real-estate-in-2023\\\/\"]}]},{\"@type\":\"ImageObject\",\"inLanguage\":\"en-US\",\"@id\":\"https:\\\/\\\/www.voelkel-re.de\\\/en\\\/track-record-leasing-from-voelkel-real-estate-in-2023\\\/#primaryimage\",\"url\":\"https:\\\/\\\/www.voelkel-re.de\\\/wp-content\\\/uploads\\\/Track-Record-24.jpg\",\"contentUrl\":\"https:\\\/\\\/www.voelkel-re.de\\\/wp-content\\\/uploads\\\/Track-Record-24.jpg\",\"width\":1920,\"height\":1440,\"caption\":\"Track Record LEASING von V\u00d6LKEL Real Estate in 2023\"},{\"@type\":\"BreadcrumbList\",\"@id\":\"https:\\\/\\\/www.voelkel-re.de\\\/en\\\/track-record-leasing-from-voelkel-real-estate-in-2023\\\/#breadcrumb\",\"itemListElement\":[{\"@type\":\"ListItem\",\"position\":1,\"name\":\"Startseite\",\"item\":\"https:\\\/\\\/www.voelkel-re.de\\\/en\\\/\"},{\"@type\":\"ListItem\",\"position\":2,\"name\":\"Track Record LEASING from V\u00d6LKEL Real Estate in 2023\"}]},{\"@type\":\"WebSite\",\"@id\":\"https:\\\/\\\/www.voelkel-re.de\\\/#website\",\"url\":\"https:\\\/\\\/www.voelkel-re.de\\\/\",\"name\":\"V\u00d6LKEL Real Estate | Hamburg\",\"description\":\"Immobiliendienstleistungen f\u00fcr Handels- und Gewerbeimmobilien\",\"publisher\":{\"@id\":\"https:\\\/\\\/www.voelkel-re.de\\\/#organization\"},\"potentialAction\":[{\"@type\":\"SearchAction\",\"target\":{\"@type\":\"EntryPoint\",\"urlTemplate\":\"https:\\\/\\\/www.voelkel-re.de\\\/?s={search_term_string}\"},\"query-input\":{\"@type\":\"PropertyValueSpecification\",\"valueRequired\":true,\"valueName\":\"search_term_string\"}}],\"inLanguage\":\"en-US\"},{\"@type\":\"Organization\",\"@id\":\"https:\\\/\\\/www.voelkel-re.de\\\/#organization\",\"name\":\"V\u00d6LKEL Real Estate | Hamburg\",\"url\":\"https:\\\/\\\/www.voelkel-re.de\\\/\",\"logo\":{\"@type\":\"ImageObject\",\"inLanguage\":\"en-US\",\"@id\":\"https:\\\/\\\/www.voelkel-re.de\\\/#\\\/schema\\\/logo\\\/image\\\/\",\"url\":\"https:\\\/\\\/www.voelkel-re.de\\\/wp-content\\\/uploads\\\/VOELKEL-Logo.jpg\",\"contentUrl\":\"https:\\\/\\\/www.voelkel-re.de\\\/wp-content\\\/uploads\\\/VOELKEL-Logo.jpg\",\"width\":1600,\"height\":900,\"caption\":\"V\u00d6LKEL Real Estate | Hamburg\"},\"image\":{\"@id\":\"https:\\\/\\\/www.voelkel-re.de\\\/#\\\/schema\\\/logo\\\/image\\\/\"},\"sameAs\":[\"https:\\\/\\\/de.linkedin.com\\\/company\\\/voelkel-real-estate\"]},{\"@type\":\"Person\",\"@id\":\"https:\\\/\\\/www.voelkel-re.de\\\/#\\\/schema\\\/person\\\/f5b8fbc369b1342588b6105161cb7456\",\"name\":\"office@voelkel-re.de\",\"url\":\"https:\\\/\\\/www.voelkel-re.de\\\/en\\\/author\\\/officevoelkel-re-de\\\/\"}]}<\/script>\n<!-- \/ Yoast SEO plugin. -->","yoast_head_json":{"title":"Track Record LEASING from V\u00d6LKEL Real Estate in 2023 - V\u00d6LKEL Real Estate | Hamburg","robots":{"index":"index","follow":"follow","max-snippet":"max-snippet:-1","max-image-preview":"max-image-preview:large","max-video-preview":"max-video-preview:-1"},"canonical":"https:\/\/www.voelkel-re.de\/en\/track-record-leasing-from-voelkel-real-estate-in-2023\/","og_locale":"en_US","og_type":"article","og_title":"Track Record LEASING from V\u00d6LKEL Real Estate in 2023 - V\u00d6LKEL Real Estate | Hamburg","og_description":"V\u00d6LKEL closes approx. 90 new rental agreements signed or actively extended According to its own information, V\u00d6LKEL Real Estate has approx. 90 rental agreements and approx. 60,000 m\u00b2 for the managed portfolio were newly concluded or actively extended. This represents an increase of approx. 10%. 10%.The trend in the retail sector towards shorter maturities was [&hellip;]","og_url":"https:\/\/www.voelkel-re.de\/en\/track-record-leasing-from-voelkel-real-estate-in-2023\/","og_site_name":"V\u00d6LKEL Real Estate | Hamburg","article_published_time":"2024-01-10T09:57:41+00:00","article_modified_time":"2024-01-11T10:30:03+00:00","og_image":[{"width":1920,"height":1440,"url":"https:\/\/www.voelkel-re.de\/wp-content\/uploads\/Track-Record-24.jpg","type":"image\/jpeg"}],"author":"office@voelkel-re.de","twitter_card":"summary_large_image","twitter_misc":{"Written by":"office@voelkel-re.de","Est. reading time":"1 minute"},"schema":{"@context":"https:\/\/schema.org","@graph":[{"@type":"Article","@id":"https:\/\/www.voelkel-re.de\/en\/track-record-leasing-from-voelkel-real-estate-in-2023\/#article","isPartOf":{"@id":"https:\/\/www.voelkel-re.de\/en\/track-record-leasing-from-voelkel-real-estate-in-2023\/"},"author":{"name":"office@voelkel-re.de","@id":"https:\/\/www.voelkel-re.de\/#\/schema\/person\/f5b8fbc369b1342588b6105161cb7456"},"headline":"Track Record LEASING from V\u00d6LKEL Real Estate in 2023","datePublished":"2024-01-10T09:57:41+00:00","dateModified":"2024-01-11T10:30:03+00:00","mainEntityOfPage":{"@id":"https:\/\/www.voelkel-re.de\/en\/track-record-leasing-from-voelkel-real-estate-in-2023\/"},"wordCount":182,"publisher":{"@id":"https:\/\/www.voelkel-re.de\/#organization"},"image":{"@id":"https:\/\/www.voelkel-re.de\/en\/track-record-leasing-from-voelkel-real-estate-in-2023\/#primaryimage"},"thumbnailUrl":"https:\/\/www.voelkel-re.de\/wp-content\/uploads\/Track-Record-24.jpg","articleSection":["Unkategorisiert"],"inLanguage":"en-US"},{"@type":"WebPage","@id":"https:\/\/www.voelkel-re.de\/en\/track-record-leasing-from-voelkel-real-estate-in-2023\/","url":"https:\/\/www.voelkel-re.de\/en\/track-record-leasing-from-voelkel-real-estate-in-2023\/","name":"Track Record LEASING from V\u00d6LKEL Real Estate in 2023 - V\u00d6LKEL Real Estate | Hamburg","isPartOf":{"@id":"https:\/\/www.voelkel-re.de\/#website"},"primaryImageOfPage":{"@id":"https:\/\/www.voelkel-re.de\/en\/track-record-leasing-from-voelkel-real-estate-in-2023\/#primaryimage"},"image":{"@id":"https:\/\/www.voelkel-re.de\/en\/track-record-leasing-from-voelkel-real-estate-in-2023\/#primaryimage"},"thumbnailUrl":"https:\/\/www.voelkel-re.de\/wp-content\/uploads\/Track-Record-24.jpg","datePublished":"2024-01-10T09:57:41+00:00","dateModified":"2024-01-11T10:30:03+00:00","breadcrumb":{"@id":"https:\/\/www.voelkel-re.de\/en\/track-record-leasing-from-voelkel-real-estate-in-2023\/#breadcrumb"},"inLanguage":"en-US","potentialAction":[{"@type":"ReadAction","target":["https:\/\/www.voelkel-re.de\/en\/track-record-leasing-from-voelkel-real-estate-in-2023\/"]}]},{"@type":"ImageObject","inLanguage":"en-US","@id":"https:\/\/www.voelkel-re.de\/en\/track-record-leasing-from-voelkel-real-estate-in-2023\/#primaryimage","url":"https:\/\/www.voelkel-re.de\/wp-content\/uploads\/Track-Record-24.jpg","contentUrl":"https:\/\/www.voelkel-re.de\/wp-content\/uploads\/Track-Record-24.jpg","width":1920,"height":1440,"caption":"Track Record LEASING von V\u00d6LKEL Real Estate in 2023"},{"@type":"BreadcrumbList","@id":"https:\/\/www.voelkel-re.de\/en\/track-record-leasing-from-voelkel-real-estate-in-2023\/#breadcrumb","itemListElement":[{"@type":"ListItem","position":1,"name":"Startseite","item":"https:\/\/www.voelkel-re.de\/en\/"},{"@type":"ListItem","position":2,"name":"Track Record LEASING from V\u00d6LKEL Real Estate in 2023"}]},{"@type":"WebSite","@id":"https:\/\/www.voelkel-re.de\/#website","url":"https:\/\/www.voelkel-re.de\/","name":"V\u00d6LKEL Real Estate | Hamburg","description":"Immobiliendienstleistungen f\u00fcr Handels- und Gewerbeimmobilien","publisher":{"@id":"https:\/\/www.voelkel-re.de\/#organization"},"potentialAction":[{"@type":"SearchAction","target":{"@type":"EntryPoint","urlTemplate":"https:\/\/www.voelkel-re.de\/?s={search_term_string}"},"query-input":{"@type":"PropertyValueSpecification","valueRequired":true,"valueName":"search_term_string"}}],"inLanguage":"en-US"},{"@type":"Organization","@id":"https:\/\/www.voelkel-re.de\/#organization","name":"V\u00d6LKEL Real Estate | Hamburg","url":"https:\/\/www.voelkel-re.de\/","logo":{"@type":"ImageObject","inLanguage":"en-US","@id":"https:\/\/www.voelkel-re.de\/#\/schema\/logo\/image\/","url":"https:\/\/www.voelkel-re.de\/wp-content\/uploads\/VOELKEL-Logo.jpg","contentUrl":"https:\/\/www.voelkel-re.de\/wp-content\/uploads\/VOELKEL-Logo.jpg","width":1600,"height":900,"caption":"V\u00d6LKEL Real Estate | Hamburg"},"image":{"@id":"https:\/\/www.voelkel-re.de\/#\/schema\/logo\/image\/"},"sameAs":["https:\/\/de.linkedin.com\/company\/voelkel-real-estate"]},{"@type":"Person","@id":"https:\/\/www.voelkel-re.de\/#\/schema\/person\/f5b8fbc369b1342588b6105161cb7456","name":"office@voelkel-re.de","url":"https:\/\/www.voelkel-re.de\/en\/author\/officevoelkel-re-de\/"}]}},"_links":{"self":[{"href":"https:\/\/www.voelkel-re.de\/en\/wp-json\/wp\/v2\/posts\/4343","targetHints":{"allow":["GET"]}}],"collection":[{"href":"https:\/\/www.voelkel-re.de\/en\/wp-json\/wp\/v2\/posts"}],"about":[{"href":"https:\/\/www.voelkel-re.de\/en\/wp-json\/wp\/v2\/types\/post"}],"author":[{"embeddable":true,"href":"https:\/\/www.voelkel-re.de\/en\/wp-json\/wp\/v2\/users\/4"}],"replies":[{"embeddable":true,"href":"https:\/\/www.voelkel-re.de\/en\/wp-json\/wp\/v2\/comments?post=4343"}],"version-history":[{"count":3,"href":"https:\/\/www.voelkel-re.de\/en\/wp-json\/wp\/v2\/posts\/4343\/revisions"}],"predecessor-version":[{"id":4346,"href":"https:\/\/www.voelkel-re.de\/en\/wp-json\/wp\/v2\/posts\/4343\/revisions\/4346"}],"wp:featuredmedia":[{"embeddable":true,"href":"https:\/\/www.voelkel-re.de\/en\/wp-json\/wp\/v2\/media\/4340"}],"wp:attachment":[{"href":"https:\/\/www.voelkel-re.de\/en\/wp-json\/wp\/v2\/media?parent=4343"}],"wp:term":[{"taxonomy":"category","embeddable":true,"href":"https:\/\/www.voelkel-re.de\/en\/wp-json\/wp\/v2\/categories?post=4343"},{"taxonomy":"post_tag","embeddable":true,"href":"https:\/\/www.voelkel-re.de\/en\/wp-json\/wp\/v2\/tags?post=4343"}],"curies":[{"name":"wp","href":"https:\/\/api.w.org\/{rel}","templated":true}]}}