{"id":4295,"date":"2023-12-01T17:35:07","date_gmt":"2023-12-01T16:35:07","guid":{"rendered":"https:\/\/www.voelkel-re.de\/autohaus-motor-nuetzel-with-pop-up-store-in-the-koesseine-einkaufs-center-marktredwitz\/"},"modified":"2023-12-12T17:42:29","modified_gmt":"2023-12-12T16:42:29","slug":"autohaus-motor-nuetzel-with-pop-up-store-in-the-koesseine-einkaufs-center-marktredwitz","status":"publish","type":"post","link":"https:\/\/www.voelkel-re.de\/en\/autohaus-motor-nuetzel-with-pop-up-store-in-the-koesseine-einkaufs-center-marktredwitz\/","title":{"rendered":"Autohaus Motor-N\u00fctzel with pop-up store in the K\u00f6sseine-Einkaufs-Center Marktredwitz"},"content":{"rendered":"\n<p>In the first official pop-up store of the Volkswagen brand in the region, visitors to the KEC Marktredwitz &#8211; managed by V\u00d6LKEL since 2013 &#8211; can view various Volkswagen models and get advice from the Motor-N\u00fctzel team on selected dates on site.<\/p>\n\n<p><br\/>From December to the end of February 2024, the Volkswagen Mitterteich branch will move from Motor-N\u00fctzel to an attractive showroom on the first floor of the KEC. Following two previous exhibitions in the Ladenstra\u00dfe, the cooperation between the car dealership and Center Management was continued with the rental of a space specially prepared for the exhibition. With this new concept, Motor-N\u00fctzel wants to attract customers outside the usual environment. G\u00fcnther Zintl, Sales Manager at Volkswagen Mitterteich, adds: &#8220;In recent years, we have seen a clear trend in car purchasing: today&#8217;s customers are gathering information online and therefore visit car dealerships less often. For us, this means rethinking sales and creating alternative points of contact.&#8221;<\/p>\n\n<p><br\/>Various exclusive Volkswagen models are presented on around 150 m\u00b2 and can be viewed. On Fridays and other selected days, Motor-N\u00fctzel advisors will be on hand to answer questions in a relaxed atmosphere, arrange test drives and offer vehicles to store customers at special conditions.<\/p>\n","protected":false},"excerpt":{"rendered":"<p>In the first official pop-up store of the Volkswagen brand in the region, visitors to the KEC Marktredwitz &#8211; managed by V\u00d6LKEL since 2013 &#8211; can view various Volkswagen models and get advice from the Motor-N\u00fctzel team on selected dates on site. From December to the end of February 2024, the Volkswagen Mitterteich branch will [&hellip;]<\/p>\n","protected":false},"author":4,"featured_media":4292,"comment_status":"closed","ping_status":"closed","sticky":false,"template":"","format":"standard","meta":{"_acf_changed":false,"footnotes":""},"categories":[1],"tags":[],"class_list":["post-4295","post","type-post","status-publish","format-standard","has-post-thumbnail","hentry","category-unkategorisiert"],"acf":[],"yoast_head":"<!-- This site is optimized with the Yoast SEO plugin v27.5 - https:\/\/yoast.com\/product\/yoast-seo-wordpress\/ -->\n<title>Autohaus Motor-N\u00fctzel with pop-up store in the K\u00f6sseine-Einkaufs-Center Marktredwitz - V\u00d6LKEL Real Estate | Hamburg<\/title>\n<meta name=\"robots\" content=\"index, follow, max-snippet:-1, max-image-preview:large, max-video-preview:-1\" \/>\n<link rel=\"canonical\" href=\"https:\/\/www.voelkel-re.de\/en\/autohaus-motor-nuetzel-with-pop-up-store-in-the-koesseine-einkaufs-center-marktredwitz\/\" \/>\n<meta property=\"og:locale\" content=\"en_US\" \/>\n<meta property=\"og:type\" content=\"article\" \/>\n<meta property=\"og:title\" content=\"Autohaus Motor-N\u00fctzel with pop-up store in the K\u00f6sseine-Einkaufs-Center Marktredwitz - V\u00d6LKEL Real Estate | Hamburg\" \/>\n<meta property=\"og:description\" content=\"In the first official pop-up store of the Volkswagen brand in the region, visitors to the KEC Marktredwitz &#8211; managed by V\u00d6LKEL since 2013 &#8211; can view various Volkswagen models and get advice from the Motor-N\u00fctzel team on selected dates on site. From December to the end of February 2024, the Volkswagen Mitterteich branch will [&hellip;]\" \/>\n<meta property=\"og:url\" content=\"https:\/\/www.voelkel-re.de\/en\/autohaus-motor-nuetzel-with-pop-up-store-in-the-koesseine-einkaufs-center-marktredwitz\/\" \/>\n<meta property=\"og:site_name\" content=\"V\u00d6LKEL Real Estate | Hamburg\" \/>\n<meta property=\"article:published_time\" content=\"2023-12-01T16:35:07+00:00\" \/>\n<meta property=\"article:modified_time\" content=\"2023-12-12T16:42:29+00:00\" \/>\n<meta property=\"og:image\" content=\"https:\/\/www.voelkel-re.de\/wp-content\/uploads\/KEC_Autohaus.jpg\" \/>\n\t<meta property=\"og:image:width\" content=\"1920\" \/>\n\t<meta property=\"og:image:height\" content=\"1440\" \/>\n\t<meta property=\"og:image:type\" content=\"image\/jpeg\" \/>\n<meta name=\"author\" content=\"office@voelkel-re.de\" \/>\n<meta name=\"twitter:card\" content=\"summary_large_image\" \/>\n<meta name=\"twitter:label1\" content=\"Written by\" \/>\n\t<meta name=\"twitter:data1\" content=\"office@voelkel-re.de\" \/>\n\t<meta name=\"twitter:label2\" content=\"Est. reading time\" \/>\n\t<meta name=\"twitter:data2\" content=\"1 minute\" \/>\n<script type=\"application\/ld+json\" class=\"yoast-schema-graph\">{\"@context\":\"https:\\\/\\\/schema.org\",\"@graph\":[{\"@type\":\"Article\",\"@id\":\"https:\\\/\\\/www.voelkel-re.de\\\/en\\\/autohaus-motor-nuetzel-with-pop-up-store-in-the-koesseine-einkaufs-center-marktredwitz\\\/#article\",\"isPartOf\":{\"@id\":\"https:\\\/\\\/www.voelkel-re.de\\\/en\\\/autohaus-motor-nuetzel-with-pop-up-store-in-the-koesseine-einkaufs-center-marktredwitz\\\/\"},\"author\":{\"name\":\"office@voelkel-re.de\",\"@id\":\"https:\\\/\\\/www.voelkel-re.de\\\/#\\\/schema\\\/person\\\/f5b8fbc369b1342588b6105161cb7456\"},\"headline\":\"Autohaus Motor-N\u00fctzel with pop-up store in the K\u00f6sseine-Einkaufs-Center Marktredwitz\",\"datePublished\":\"2023-12-01T16:35:07+00:00\",\"dateModified\":\"2023-12-12T16:42:29+00:00\",\"mainEntityOfPage\":{\"@id\":\"https:\\\/\\\/www.voelkel-re.de\\\/en\\\/autohaus-motor-nuetzel-with-pop-up-store-in-the-koesseine-einkaufs-center-marktredwitz\\\/\"},\"wordCount\":217,\"publisher\":{\"@id\":\"https:\\\/\\\/www.voelkel-re.de\\\/#organization\"},\"image\":{\"@id\":\"https:\\\/\\\/www.voelkel-re.de\\\/en\\\/autohaus-motor-nuetzel-with-pop-up-store-in-the-koesseine-einkaufs-center-marktredwitz\\\/#primaryimage\"},\"thumbnailUrl\":\"https:\\\/\\\/www.voelkel-re.de\\\/wp-content\\\/uploads\\\/KEC_Autohaus.jpg\",\"articleSection\":[\"Unkategorisiert\"],\"inLanguage\":\"en-US\"},{\"@type\":\"WebPage\",\"@id\":\"https:\\\/\\\/www.voelkel-re.de\\\/en\\\/autohaus-motor-nuetzel-with-pop-up-store-in-the-koesseine-einkaufs-center-marktredwitz\\\/\",\"url\":\"https:\\\/\\\/www.voelkel-re.de\\\/en\\\/autohaus-motor-nuetzel-with-pop-up-store-in-the-koesseine-einkaufs-center-marktredwitz\\\/\",\"name\":\"Autohaus Motor-N\u00fctzel with pop-up store in the K\u00f6sseine-Einkaufs-Center Marktredwitz - V\u00d6LKEL Real Estate | Hamburg\",\"isPartOf\":{\"@id\":\"https:\\\/\\\/www.voelkel-re.de\\\/#website\"},\"primaryImageOfPage\":{\"@id\":\"https:\\\/\\\/www.voelkel-re.de\\\/en\\\/autohaus-motor-nuetzel-with-pop-up-store-in-the-koesseine-einkaufs-center-marktredwitz\\\/#primaryimage\"},\"image\":{\"@id\":\"https:\\\/\\\/www.voelkel-re.de\\\/en\\\/autohaus-motor-nuetzel-with-pop-up-store-in-the-koesseine-einkaufs-center-marktredwitz\\\/#primaryimage\"},\"thumbnailUrl\":\"https:\\\/\\\/www.voelkel-re.de\\\/wp-content\\\/uploads\\\/KEC_Autohaus.jpg\",\"datePublished\":\"2023-12-01T16:35:07+00:00\",\"dateModified\":\"2023-12-12T16:42:29+00:00\",\"breadcrumb\":{\"@id\":\"https:\\\/\\\/www.voelkel-re.de\\\/en\\\/autohaus-motor-nuetzel-with-pop-up-store-in-the-koesseine-einkaufs-center-marktredwitz\\\/#breadcrumb\"},\"inLanguage\":\"en-US\",\"potentialAction\":[{\"@type\":\"ReadAction\",\"target\":[\"https:\\\/\\\/www.voelkel-re.de\\\/en\\\/autohaus-motor-nuetzel-with-pop-up-store-in-the-koesseine-einkaufs-center-marktredwitz\\\/\"]}]},{\"@type\":\"ImageObject\",\"inLanguage\":\"en-US\",\"@id\":\"https:\\\/\\\/www.voelkel-re.de\\\/en\\\/autohaus-motor-nuetzel-with-pop-up-store-in-the-koesseine-einkaufs-center-marktredwitz\\\/#primaryimage\",\"url\":\"https:\\\/\\\/www.voelkel-re.de\\\/wp-content\\\/uploads\\\/KEC_Autohaus.jpg\",\"contentUrl\":\"https:\\\/\\\/www.voelkel-re.de\\\/wp-content\\\/uploads\\\/KEC_Autohaus.jpg\",\"width\":1920,\"height\":1440,\"caption\":\"Autohaus Motor-N\u00fctzel mit Pop-up-Store im K\u00f6sseine-Einkaufs-Center Marktredwitz\"},{\"@type\":\"BreadcrumbList\",\"@id\":\"https:\\\/\\\/www.voelkel-re.de\\\/en\\\/autohaus-motor-nuetzel-with-pop-up-store-in-the-koesseine-einkaufs-center-marktredwitz\\\/#breadcrumb\",\"itemListElement\":[{\"@type\":\"ListItem\",\"position\":1,\"name\":\"Startseite\",\"item\":\"https:\\\/\\\/www.voelkel-re.de\\\/en\\\/\"},{\"@type\":\"ListItem\",\"position\":2,\"name\":\"Autohaus Motor-N\u00fctzel with pop-up store in the K\u00f6sseine-Einkaufs-Center Marktredwitz\"}]},{\"@type\":\"WebSite\",\"@id\":\"https:\\\/\\\/www.voelkel-re.de\\\/#website\",\"url\":\"https:\\\/\\\/www.voelkel-re.de\\\/\",\"name\":\"V\u00d6LKEL Real Estate | Hamburg\",\"description\":\"Immobiliendienstleistungen f\u00fcr Handels- und Gewerbeimmobilien\",\"publisher\":{\"@id\":\"https:\\\/\\\/www.voelkel-re.de\\\/#organization\"},\"potentialAction\":[{\"@type\":\"SearchAction\",\"target\":{\"@type\":\"EntryPoint\",\"urlTemplate\":\"https:\\\/\\\/www.voelkel-re.de\\\/?s={search_term_string}\"},\"query-input\":{\"@type\":\"PropertyValueSpecification\",\"valueRequired\":true,\"valueName\":\"search_term_string\"}}],\"inLanguage\":\"en-US\"},{\"@type\":\"Organization\",\"@id\":\"https:\\\/\\\/www.voelkel-re.de\\\/#organization\",\"name\":\"V\u00d6LKEL Real Estate | Hamburg\",\"url\":\"https:\\\/\\\/www.voelkel-re.de\\\/\",\"logo\":{\"@type\":\"ImageObject\",\"inLanguage\":\"en-US\",\"@id\":\"https:\\\/\\\/www.voelkel-re.de\\\/#\\\/schema\\\/logo\\\/image\\\/\",\"url\":\"https:\\\/\\\/www.voelkel-re.de\\\/wp-content\\\/uploads\\\/VOELKEL-Logo.jpg\",\"contentUrl\":\"https:\\\/\\\/www.voelkel-re.de\\\/wp-content\\\/uploads\\\/VOELKEL-Logo.jpg\",\"width\":1600,\"height\":900,\"caption\":\"V\u00d6LKEL Real Estate | Hamburg\"},\"image\":{\"@id\":\"https:\\\/\\\/www.voelkel-re.de\\\/#\\\/schema\\\/logo\\\/image\\\/\"},\"sameAs\":[\"https:\\\/\\\/de.linkedin.com\\\/company\\\/voelkel-real-estate\"]},{\"@type\":\"Person\",\"@id\":\"https:\\\/\\\/www.voelkel-re.de\\\/#\\\/schema\\\/person\\\/f5b8fbc369b1342588b6105161cb7456\",\"name\":\"office@voelkel-re.de\",\"url\":\"https:\\\/\\\/www.voelkel-re.de\\\/en\\\/author\\\/officevoelkel-re-de\\\/\"}]}<\/script>\n<!-- \/ Yoast SEO plugin. -->","yoast_head_json":{"title":"Autohaus Motor-N\u00fctzel with pop-up store in the K\u00f6sseine-Einkaufs-Center Marktredwitz - V\u00d6LKEL Real Estate | Hamburg","robots":{"index":"index","follow":"follow","max-snippet":"max-snippet:-1","max-image-preview":"max-image-preview:large","max-video-preview":"max-video-preview:-1"},"canonical":"https:\/\/www.voelkel-re.de\/en\/autohaus-motor-nuetzel-with-pop-up-store-in-the-koesseine-einkaufs-center-marktredwitz\/","og_locale":"en_US","og_type":"article","og_title":"Autohaus Motor-N\u00fctzel with pop-up store in the K\u00f6sseine-Einkaufs-Center Marktredwitz - V\u00d6LKEL Real Estate | Hamburg","og_description":"In the first official pop-up store of the Volkswagen brand in the region, visitors to the KEC Marktredwitz &#8211; managed by V\u00d6LKEL since 2013 &#8211; can view various Volkswagen models and get advice from the Motor-N\u00fctzel team on selected dates on site. From December to the end of February 2024, the Volkswagen Mitterteich branch will [&hellip;]","og_url":"https:\/\/www.voelkel-re.de\/en\/autohaus-motor-nuetzel-with-pop-up-store-in-the-koesseine-einkaufs-center-marktredwitz\/","og_site_name":"V\u00d6LKEL Real Estate | Hamburg","article_published_time":"2023-12-01T16:35:07+00:00","article_modified_time":"2023-12-12T16:42:29+00:00","og_image":[{"width":1920,"height":1440,"url":"https:\/\/www.voelkel-re.de\/wp-content\/uploads\/KEC_Autohaus.jpg","type":"image\/jpeg"}],"author":"office@voelkel-re.de","twitter_card":"summary_large_image","twitter_misc":{"Written by":"office@voelkel-re.de","Est. reading time":"1 minute"},"schema":{"@context":"https:\/\/schema.org","@graph":[{"@type":"Article","@id":"https:\/\/www.voelkel-re.de\/en\/autohaus-motor-nuetzel-with-pop-up-store-in-the-koesseine-einkaufs-center-marktredwitz\/#article","isPartOf":{"@id":"https:\/\/www.voelkel-re.de\/en\/autohaus-motor-nuetzel-with-pop-up-store-in-the-koesseine-einkaufs-center-marktredwitz\/"},"author":{"name":"office@voelkel-re.de","@id":"https:\/\/www.voelkel-re.de\/#\/schema\/person\/f5b8fbc369b1342588b6105161cb7456"},"headline":"Autohaus Motor-N\u00fctzel with pop-up store in the K\u00f6sseine-Einkaufs-Center Marktredwitz","datePublished":"2023-12-01T16:35:07+00:00","dateModified":"2023-12-12T16:42:29+00:00","mainEntityOfPage":{"@id":"https:\/\/www.voelkel-re.de\/en\/autohaus-motor-nuetzel-with-pop-up-store-in-the-koesseine-einkaufs-center-marktredwitz\/"},"wordCount":217,"publisher":{"@id":"https:\/\/www.voelkel-re.de\/#organization"},"image":{"@id":"https:\/\/www.voelkel-re.de\/en\/autohaus-motor-nuetzel-with-pop-up-store-in-the-koesseine-einkaufs-center-marktredwitz\/#primaryimage"},"thumbnailUrl":"https:\/\/www.voelkel-re.de\/wp-content\/uploads\/KEC_Autohaus.jpg","articleSection":["Unkategorisiert"],"inLanguage":"en-US"},{"@type":"WebPage","@id":"https:\/\/www.voelkel-re.de\/en\/autohaus-motor-nuetzel-with-pop-up-store-in-the-koesseine-einkaufs-center-marktredwitz\/","url":"https:\/\/www.voelkel-re.de\/en\/autohaus-motor-nuetzel-with-pop-up-store-in-the-koesseine-einkaufs-center-marktredwitz\/","name":"Autohaus Motor-N\u00fctzel with pop-up store in the K\u00f6sseine-Einkaufs-Center Marktredwitz - V\u00d6LKEL Real Estate | Hamburg","isPartOf":{"@id":"https:\/\/www.voelkel-re.de\/#website"},"primaryImageOfPage":{"@id":"https:\/\/www.voelkel-re.de\/en\/autohaus-motor-nuetzel-with-pop-up-store-in-the-koesseine-einkaufs-center-marktredwitz\/#primaryimage"},"image":{"@id":"https:\/\/www.voelkel-re.de\/en\/autohaus-motor-nuetzel-with-pop-up-store-in-the-koesseine-einkaufs-center-marktredwitz\/#primaryimage"},"thumbnailUrl":"https:\/\/www.voelkel-re.de\/wp-content\/uploads\/KEC_Autohaus.jpg","datePublished":"2023-12-01T16:35:07+00:00","dateModified":"2023-12-12T16:42:29+00:00","breadcrumb":{"@id":"https:\/\/www.voelkel-re.de\/en\/autohaus-motor-nuetzel-with-pop-up-store-in-the-koesseine-einkaufs-center-marktredwitz\/#breadcrumb"},"inLanguage":"en-US","potentialAction":[{"@type":"ReadAction","target":["https:\/\/www.voelkel-re.de\/en\/autohaus-motor-nuetzel-with-pop-up-store-in-the-koesseine-einkaufs-center-marktredwitz\/"]}]},{"@type":"ImageObject","inLanguage":"en-US","@id":"https:\/\/www.voelkel-re.de\/en\/autohaus-motor-nuetzel-with-pop-up-store-in-the-koesseine-einkaufs-center-marktredwitz\/#primaryimage","url":"https:\/\/www.voelkel-re.de\/wp-content\/uploads\/KEC_Autohaus.jpg","contentUrl":"https:\/\/www.voelkel-re.de\/wp-content\/uploads\/KEC_Autohaus.jpg","width":1920,"height":1440,"caption":"Autohaus Motor-N\u00fctzel mit Pop-up-Store im K\u00f6sseine-Einkaufs-Center Marktredwitz"},{"@type":"BreadcrumbList","@id":"https:\/\/www.voelkel-re.de\/en\/autohaus-motor-nuetzel-with-pop-up-store-in-the-koesseine-einkaufs-center-marktredwitz\/#breadcrumb","itemListElement":[{"@type":"ListItem","position":1,"name":"Startseite","item":"https:\/\/www.voelkel-re.de\/en\/"},{"@type":"ListItem","position":2,"name":"Autohaus Motor-N\u00fctzel with pop-up store in the K\u00f6sseine-Einkaufs-Center Marktredwitz"}]},{"@type":"WebSite","@id":"https:\/\/www.voelkel-re.de\/#website","url":"https:\/\/www.voelkel-re.de\/","name":"V\u00d6LKEL Real Estate | Hamburg","description":"Immobiliendienstleistungen f\u00fcr Handels- und Gewerbeimmobilien","publisher":{"@id":"https:\/\/www.voelkel-re.de\/#organization"},"potentialAction":[{"@type":"SearchAction","target":{"@type":"EntryPoint","urlTemplate":"https:\/\/www.voelkel-re.de\/?s={search_term_string}"},"query-input":{"@type":"PropertyValueSpecification","valueRequired":true,"valueName":"search_term_string"}}],"inLanguage":"en-US"},{"@type":"Organization","@id":"https:\/\/www.voelkel-re.de\/#organization","name":"V\u00d6LKEL Real Estate | Hamburg","url":"https:\/\/www.voelkel-re.de\/","logo":{"@type":"ImageObject","inLanguage":"en-US","@id":"https:\/\/www.voelkel-re.de\/#\/schema\/logo\/image\/","url":"https:\/\/www.voelkel-re.de\/wp-content\/uploads\/VOELKEL-Logo.jpg","contentUrl":"https:\/\/www.voelkel-re.de\/wp-content\/uploads\/VOELKEL-Logo.jpg","width":1600,"height":900,"caption":"V\u00d6LKEL Real Estate | Hamburg"},"image":{"@id":"https:\/\/www.voelkel-re.de\/#\/schema\/logo\/image\/"},"sameAs":["https:\/\/de.linkedin.com\/company\/voelkel-real-estate"]},{"@type":"Person","@id":"https:\/\/www.voelkel-re.de\/#\/schema\/person\/f5b8fbc369b1342588b6105161cb7456","name":"office@voelkel-re.de","url":"https:\/\/www.voelkel-re.de\/en\/author\/officevoelkel-re-de\/"}]}},"_links":{"self":[{"href":"https:\/\/www.voelkel-re.de\/en\/wp-json\/wp\/v2\/posts\/4295","targetHints":{"allow":["GET"]}}],"collection":[{"href":"https:\/\/www.voelkel-re.de\/en\/wp-json\/wp\/v2\/posts"}],"about":[{"href":"https:\/\/www.voelkel-re.de\/en\/wp-json\/wp\/v2\/types\/post"}],"author":[{"embeddable":true,"href":"https:\/\/www.voelkel-re.de\/en\/wp-json\/wp\/v2\/users\/4"}],"replies":[{"embeddable":true,"href":"https:\/\/www.voelkel-re.de\/en\/wp-json\/wp\/v2\/comments?post=4295"}],"version-history":[{"count":3,"href":"https:\/\/www.voelkel-re.de\/en\/wp-json\/wp\/v2\/posts\/4295\/revisions"}],"predecessor-version":[{"id":4298,"href":"https:\/\/www.voelkel-re.de\/en\/wp-json\/wp\/v2\/posts\/4295\/revisions\/4298"}],"wp:featuredmedia":[{"embeddable":true,"href":"https:\/\/www.voelkel-re.de\/en\/wp-json\/wp\/v2\/media\/4292"}],"wp:attachment":[{"href":"https:\/\/www.voelkel-re.de\/en\/wp-json\/wp\/v2\/media?parent=4295"}],"wp:term":[{"taxonomy":"category","embeddable":true,"href":"https:\/\/www.voelkel-re.de\/en\/wp-json\/wp\/v2\/categories?post=4295"},{"taxonomy":"post_tag","embeddable":true,"href":"https:\/\/www.voelkel-re.de\/en\/wp-json\/wp\/v2\/tags?post=4295"}],"curies":[{"name":"wp","href":"https:\/\/api.w.org\/{rel}","templated":true}]}}