{"id":3592,"date":"2022-10-04T11:38:00","date_gmt":"2022-10-04T09:38:00","guid":{"rendered":"https:\/\/www.voelkel-re.de\/volkel-celebrates-the-new-nedderfeld-center-in-hamburg\/"},"modified":"2023-11-09T11:51:51","modified_gmt":"2023-11-09T10:51:51","slug":"volkel-celebrates-the-new-nedderfeld-center-in-hamburg","status":"publish","type":"post","link":"https:\/\/www.voelkel-re.de\/en\/volkel-celebrates-the-new-nedderfeld-center-in-hamburg\/","title":{"rendered":"V\u00d6LKEL celebrates the new Nedderfeld Center in Hamburg"},"content":{"rendered":"\n<p>After a remodeling period of more than a year, V\u00d6LKEL and its cooperation partner Radio Hamburg opened the 21. and 22 October, the completion of the modernization of the Nedderfeld Center was celebrated with a big party.  <\/p>\n\n<p>The Nedderfeld Center in Hamburg-Eppendorf, which opened in 1989, has a sales area of around 18,000 square meters and was repositioned in the course of the renovation.  <\/p>\n\n<p>In addition to a new copper-colored exterior fa\u00e7ade visible from afar, a new logo and redesigned outdoor facilities, parking traffic was also optimized and additional bicycle racks were integrated for customers. The parking garage with its approx. 500 parking spaces has become brighter and friendlier and has a new ticket and barrier system.  <\/p>\n\n<p>Inside, an energy-saving lighting concept, contemporary seating areas, informative digital signage systems, inviting catering areas and new sanitary facilities ensure an appealing quality of stay and a modern ambience.  <\/p>\n\n<p>V\u00d6LKEL Real Estate GmbH, which has provided comprehensive full-service management for the property since April 2019, has attracted various new tenants to the Nedderfeld Center in addition to the existing anchor tenants Kaufland and Media-Markt: the fitness studio &#8220;Sports Club Eppendorf&#8221; and the pet food specialist &#8220;Fressnapf&#8221; have moved into the Nedderfeld Center, which covers over 3,000 sqm. Other service providers and restaurateurs have also expanded the sector mix. Further new openings will follow in the coming months.  <\/p>\n","protected":false},"excerpt":{"rendered":"<p>After a remodeling period of more than a year, V\u00d6LKEL and its cooperation partner Radio Hamburg opened the 21. and 22 October, the completion of the modernization of the Nedderfeld Center was celebrated with a big party. The Nedderfeld Center in Hamburg-Eppendorf, which opened in 1989, has a sales area of around 18,000 square meters [&hellip;]<\/p>\n","protected":false},"author":1,"featured_media":2774,"comment_status":"closed","ping_status":"closed","sticky":false,"template":"","format":"standard","meta":{"_acf_changed":false,"footnotes":""},"categories":[1],"tags":[],"class_list":["post-3592","post","type-post","status-publish","format-standard","has-post-thumbnail","hentry","category-unkategorisiert"],"acf":[],"yoast_head":"<!-- This site is optimized with the Yoast SEO plugin v27.5 - https:\/\/yoast.com\/product\/yoast-seo-wordpress\/ -->\n<title>V\u00d6LKEL celebrates the new Nedderfeld Center in Hamburg - V\u00d6LKEL Real Estate | Hamburg<\/title>\n<meta name=\"robots\" content=\"index, follow, max-snippet:-1, max-image-preview:large, max-video-preview:-1\" \/>\n<link rel=\"canonical\" href=\"https:\/\/www.voelkel-re.de\/en\/volkel-celebrates-the-new-nedderfeld-center-in-hamburg\/\" \/>\n<meta property=\"og:locale\" content=\"en_US\" \/>\n<meta property=\"og:type\" content=\"article\" \/>\n<meta property=\"og:title\" content=\"V\u00d6LKEL celebrates the new Nedderfeld Center in Hamburg - V\u00d6LKEL Real Estate | Hamburg\" \/>\n<meta property=\"og:description\" content=\"After a remodeling period of more than a year, V\u00d6LKEL and its cooperation partner Radio Hamburg opened the 21. and 22 October, the completion of the modernization of the Nedderfeld Center was celebrated with a big party. The Nedderfeld Center in Hamburg-Eppendorf, which opened in 1989, has a sales area of around 18,000 square meters [&hellip;]\" \/>\n<meta property=\"og:url\" content=\"https:\/\/www.voelkel-re.de\/en\/volkel-celebrates-the-new-nedderfeld-center-in-hamburg\/\" \/>\n<meta property=\"og:site_name\" content=\"V\u00d6LKEL Real Estate | Hamburg\" \/>\n<meta property=\"article:published_time\" content=\"2022-10-04T09:38:00+00:00\" \/>\n<meta property=\"article:modified_time\" content=\"2023-11-09T10:51:51+00:00\" \/>\n<meta property=\"og:image\" content=\"https:\/\/www.voelkel-re.de\/wp-content\/uploads\/voelkel-best-practice-_0000_Nedderfeld-Center-3.jpg\" \/>\n\t<meta property=\"og:image:width\" content=\"1440\" \/>\n\t<meta property=\"og:image:height\" content=\"1080\" \/>\n\t<meta property=\"og:image:type\" content=\"image\/jpeg\" \/>\n<meta name=\"author\" content=\"MichaelErbe\" \/>\n<meta name=\"twitter:card\" content=\"summary_large_image\" \/>\n<meta name=\"twitter:label1\" content=\"Written by\" \/>\n\t<meta name=\"twitter:data1\" content=\"MichaelErbe\" \/>\n\t<meta name=\"twitter:label2\" content=\"Est. reading time\" \/>\n\t<meta name=\"twitter:data2\" content=\"2 minutes\" \/>\n<script type=\"application\/ld+json\" class=\"yoast-schema-graph\">{\"@context\":\"https:\\\/\\\/schema.org\",\"@graph\":[{\"@type\":\"Article\",\"@id\":\"https:\\\/\\\/www.voelkel-re.de\\\/en\\\/volkel-celebrates-the-new-nedderfeld-center-in-hamburg\\\/#article\",\"isPartOf\":{\"@id\":\"https:\\\/\\\/www.voelkel-re.de\\\/en\\\/volkel-celebrates-the-new-nedderfeld-center-in-hamburg\\\/\"},\"author\":{\"name\":\"MichaelErbe\",\"@id\":\"https:\\\/\\\/www.voelkel-re.de\\\/#\\\/schema\\\/person\\\/ad4855ee39b201e694a5b875a91aef22\"},\"headline\":\"V\u00d6LKEL celebrates the new Nedderfeld Center in Hamburg\",\"datePublished\":\"2022-10-04T09:38:00+00:00\",\"dateModified\":\"2023-11-09T10:51:51+00:00\",\"mainEntityOfPage\":{\"@id\":\"https:\\\/\\\/www.voelkel-re.de\\\/en\\\/volkel-celebrates-the-new-nedderfeld-center-in-hamburg\\\/\"},\"wordCount\":229,\"publisher\":{\"@id\":\"https:\\\/\\\/www.voelkel-re.de\\\/#organization\"},\"image\":{\"@id\":\"https:\\\/\\\/www.voelkel-re.de\\\/en\\\/volkel-celebrates-the-new-nedderfeld-center-in-hamburg\\\/#primaryimage\"},\"thumbnailUrl\":\"https:\\\/\\\/www.voelkel-re.de\\\/wp-content\\\/uploads\\\/voelkel-best-practice-_0000_Nedderfeld-Center-3.jpg\",\"articleSection\":[\"Unkategorisiert\"],\"inLanguage\":\"en-US\"},{\"@type\":\"WebPage\",\"@id\":\"https:\\\/\\\/www.voelkel-re.de\\\/en\\\/volkel-celebrates-the-new-nedderfeld-center-in-hamburg\\\/\",\"url\":\"https:\\\/\\\/www.voelkel-re.de\\\/en\\\/volkel-celebrates-the-new-nedderfeld-center-in-hamburg\\\/\",\"name\":\"V\u00d6LKEL celebrates the new Nedderfeld Center in Hamburg - V\u00d6LKEL Real Estate | Hamburg\",\"isPartOf\":{\"@id\":\"https:\\\/\\\/www.voelkel-re.de\\\/#website\"},\"primaryImageOfPage\":{\"@id\":\"https:\\\/\\\/www.voelkel-re.de\\\/en\\\/volkel-celebrates-the-new-nedderfeld-center-in-hamburg\\\/#primaryimage\"},\"image\":{\"@id\":\"https:\\\/\\\/www.voelkel-re.de\\\/en\\\/volkel-celebrates-the-new-nedderfeld-center-in-hamburg\\\/#primaryimage\"},\"thumbnailUrl\":\"https:\\\/\\\/www.voelkel-re.de\\\/wp-content\\\/uploads\\\/voelkel-best-practice-_0000_Nedderfeld-Center-3.jpg\",\"datePublished\":\"2022-10-04T09:38:00+00:00\",\"dateModified\":\"2023-11-09T10:51:51+00:00\",\"breadcrumb\":{\"@id\":\"https:\\\/\\\/www.voelkel-re.de\\\/en\\\/volkel-celebrates-the-new-nedderfeld-center-in-hamburg\\\/#breadcrumb\"},\"inLanguage\":\"en-US\",\"potentialAction\":[{\"@type\":\"ReadAction\",\"target\":[\"https:\\\/\\\/www.voelkel-re.de\\\/en\\\/volkel-celebrates-the-new-nedderfeld-center-in-hamburg\\\/\"]}]},{\"@type\":\"ImageObject\",\"inLanguage\":\"en-US\",\"@id\":\"https:\\\/\\\/www.voelkel-re.de\\\/en\\\/volkel-celebrates-the-new-nedderfeld-center-in-hamburg\\\/#primaryimage\",\"url\":\"https:\\\/\\\/www.voelkel-re.de\\\/wp-content\\\/uploads\\\/voelkel-best-practice-_0000_Nedderfeld-Center-3.jpg\",\"contentUrl\":\"https:\\\/\\\/www.voelkel-re.de\\\/wp-content\\\/uploads\\\/voelkel-best-practice-_0000_Nedderfeld-Center-3.jpg\",\"width\":1440,\"height\":1080,\"caption\":\"Neddernfeld Center\"},{\"@type\":\"BreadcrumbList\",\"@id\":\"https:\\\/\\\/www.voelkel-re.de\\\/en\\\/volkel-celebrates-the-new-nedderfeld-center-in-hamburg\\\/#breadcrumb\",\"itemListElement\":[{\"@type\":\"ListItem\",\"position\":1,\"name\":\"Startseite\",\"item\":\"https:\\\/\\\/www.voelkel-re.de\\\/en\\\/\"},{\"@type\":\"ListItem\",\"position\":2,\"name\":\"V\u00d6LKEL celebrates the new Nedderfeld Center in Hamburg\"}]},{\"@type\":\"WebSite\",\"@id\":\"https:\\\/\\\/www.voelkel-re.de\\\/#website\",\"url\":\"https:\\\/\\\/www.voelkel-re.de\\\/\",\"name\":\"V\u00d6LKEL Real Estate | Hamburg\",\"description\":\"Immobiliendienstleistungen f\u00fcr Handels- und Gewerbeimmobilien\",\"publisher\":{\"@id\":\"https:\\\/\\\/www.voelkel-re.de\\\/#organization\"},\"potentialAction\":[{\"@type\":\"SearchAction\",\"target\":{\"@type\":\"EntryPoint\",\"urlTemplate\":\"https:\\\/\\\/www.voelkel-re.de\\\/?s={search_term_string}\"},\"query-input\":{\"@type\":\"PropertyValueSpecification\",\"valueRequired\":true,\"valueName\":\"search_term_string\"}}],\"inLanguage\":\"en-US\"},{\"@type\":\"Organization\",\"@id\":\"https:\\\/\\\/www.voelkel-re.de\\\/#organization\",\"name\":\"V\u00d6LKEL Real Estate | Hamburg\",\"url\":\"https:\\\/\\\/www.voelkel-re.de\\\/\",\"logo\":{\"@type\":\"ImageObject\",\"inLanguage\":\"en-US\",\"@id\":\"https:\\\/\\\/www.voelkel-re.de\\\/#\\\/schema\\\/logo\\\/image\\\/\",\"url\":\"https:\\\/\\\/www.voelkel-re.de\\\/wp-content\\\/uploads\\\/VOELKEL-Logo.jpg\",\"contentUrl\":\"https:\\\/\\\/www.voelkel-re.de\\\/wp-content\\\/uploads\\\/VOELKEL-Logo.jpg\",\"width\":1600,\"height\":900,\"caption\":\"V\u00d6LKEL Real Estate | Hamburg\"},\"image\":{\"@id\":\"https:\\\/\\\/www.voelkel-re.de\\\/#\\\/schema\\\/logo\\\/image\\\/\"},\"sameAs\":[\"https:\\\/\\\/de.linkedin.com\\\/company\\\/voelkel-real-estate\"]},{\"@type\":\"Person\",\"@id\":\"https:\\\/\\\/www.voelkel-re.de\\\/#\\\/schema\\\/person\\\/ad4855ee39b201e694a5b875a91aef22\",\"name\":\"MichaelErbe\",\"sameAs\":[\"http:\\\/\\\/build.voelkel-re.de\"],\"url\":\"https:\\\/\\\/www.voelkel-re.de\\\/en\\\/author\\\/michaelerbe\\\/\"}]}<\/script>\n<!-- \/ Yoast SEO plugin. -->","yoast_head_json":{"title":"V\u00d6LKEL celebrates the new Nedderfeld Center in Hamburg - V\u00d6LKEL Real Estate | Hamburg","robots":{"index":"index","follow":"follow","max-snippet":"max-snippet:-1","max-image-preview":"max-image-preview:large","max-video-preview":"max-video-preview:-1"},"canonical":"https:\/\/www.voelkel-re.de\/en\/volkel-celebrates-the-new-nedderfeld-center-in-hamburg\/","og_locale":"en_US","og_type":"article","og_title":"V\u00d6LKEL celebrates the new Nedderfeld Center in Hamburg - V\u00d6LKEL Real Estate | Hamburg","og_description":"After a remodeling period of more than a year, V\u00d6LKEL and its cooperation partner Radio Hamburg opened the 21. and 22 October, the completion of the modernization of the Nedderfeld Center was celebrated with a big party. The Nedderfeld Center in Hamburg-Eppendorf, which opened in 1989, has a sales area of around 18,000 square meters [&hellip;]","og_url":"https:\/\/www.voelkel-re.de\/en\/volkel-celebrates-the-new-nedderfeld-center-in-hamburg\/","og_site_name":"V\u00d6LKEL Real Estate | Hamburg","article_published_time":"2022-10-04T09:38:00+00:00","article_modified_time":"2023-11-09T10:51:51+00:00","og_image":[{"width":1440,"height":1080,"url":"https:\/\/www.voelkel-re.de\/wp-content\/uploads\/voelkel-best-practice-_0000_Nedderfeld-Center-3.jpg","type":"image\/jpeg"}],"author":"MichaelErbe","twitter_card":"summary_large_image","twitter_misc":{"Written by":"MichaelErbe","Est. reading time":"2 minutes"},"schema":{"@context":"https:\/\/schema.org","@graph":[{"@type":"Article","@id":"https:\/\/www.voelkel-re.de\/en\/volkel-celebrates-the-new-nedderfeld-center-in-hamburg\/#article","isPartOf":{"@id":"https:\/\/www.voelkel-re.de\/en\/volkel-celebrates-the-new-nedderfeld-center-in-hamburg\/"},"author":{"name":"MichaelErbe","@id":"https:\/\/www.voelkel-re.de\/#\/schema\/person\/ad4855ee39b201e694a5b875a91aef22"},"headline":"V\u00d6LKEL celebrates the new Nedderfeld Center in Hamburg","datePublished":"2022-10-04T09:38:00+00:00","dateModified":"2023-11-09T10:51:51+00:00","mainEntityOfPage":{"@id":"https:\/\/www.voelkel-re.de\/en\/volkel-celebrates-the-new-nedderfeld-center-in-hamburg\/"},"wordCount":229,"publisher":{"@id":"https:\/\/www.voelkel-re.de\/#organization"},"image":{"@id":"https:\/\/www.voelkel-re.de\/en\/volkel-celebrates-the-new-nedderfeld-center-in-hamburg\/#primaryimage"},"thumbnailUrl":"https:\/\/www.voelkel-re.de\/wp-content\/uploads\/voelkel-best-practice-_0000_Nedderfeld-Center-3.jpg","articleSection":["Unkategorisiert"],"inLanguage":"en-US"},{"@type":"WebPage","@id":"https:\/\/www.voelkel-re.de\/en\/volkel-celebrates-the-new-nedderfeld-center-in-hamburg\/","url":"https:\/\/www.voelkel-re.de\/en\/volkel-celebrates-the-new-nedderfeld-center-in-hamburg\/","name":"V\u00d6LKEL celebrates the new Nedderfeld Center in Hamburg - V\u00d6LKEL Real Estate | Hamburg","isPartOf":{"@id":"https:\/\/www.voelkel-re.de\/#website"},"primaryImageOfPage":{"@id":"https:\/\/www.voelkel-re.de\/en\/volkel-celebrates-the-new-nedderfeld-center-in-hamburg\/#primaryimage"},"image":{"@id":"https:\/\/www.voelkel-re.de\/en\/volkel-celebrates-the-new-nedderfeld-center-in-hamburg\/#primaryimage"},"thumbnailUrl":"https:\/\/www.voelkel-re.de\/wp-content\/uploads\/voelkel-best-practice-_0000_Nedderfeld-Center-3.jpg","datePublished":"2022-10-04T09:38:00+00:00","dateModified":"2023-11-09T10:51:51+00:00","breadcrumb":{"@id":"https:\/\/www.voelkel-re.de\/en\/volkel-celebrates-the-new-nedderfeld-center-in-hamburg\/#breadcrumb"},"inLanguage":"en-US","potentialAction":[{"@type":"ReadAction","target":["https:\/\/www.voelkel-re.de\/en\/volkel-celebrates-the-new-nedderfeld-center-in-hamburg\/"]}]},{"@type":"ImageObject","inLanguage":"en-US","@id":"https:\/\/www.voelkel-re.de\/en\/volkel-celebrates-the-new-nedderfeld-center-in-hamburg\/#primaryimage","url":"https:\/\/www.voelkel-re.de\/wp-content\/uploads\/voelkel-best-practice-_0000_Nedderfeld-Center-3.jpg","contentUrl":"https:\/\/www.voelkel-re.de\/wp-content\/uploads\/voelkel-best-practice-_0000_Nedderfeld-Center-3.jpg","width":1440,"height":1080,"caption":"Neddernfeld Center"},{"@type":"BreadcrumbList","@id":"https:\/\/www.voelkel-re.de\/en\/volkel-celebrates-the-new-nedderfeld-center-in-hamburg\/#breadcrumb","itemListElement":[{"@type":"ListItem","position":1,"name":"Startseite","item":"https:\/\/www.voelkel-re.de\/en\/"},{"@type":"ListItem","position":2,"name":"V\u00d6LKEL celebrates the new Nedderfeld Center in Hamburg"}]},{"@type":"WebSite","@id":"https:\/\/www.voelkel-re.de\/#website","url":"https:\/\/www.voelkel-re.de\/","name":"V\u00d6LKEL Real Estate | Hamburg","description":"Immobiliendienstleistungen f\u00fcr Handels- und Gewerbeimmobilien","publisher":{"@id":"https:\/\/www.voelkel-re.de\/#organization"},"potentialAction":[{"@type":"SearchAction","target":{"@type":"EntryPoint","urlTemplate":"https:\/\/www.voelkel-re.de\/?s={search_term_string}"},"query-input":{"@type":"PropertyValueSpecification","valueRequired":true,"valueName":"search_term_string"}}],"inLanguage":"en-US"},{"@type":"Organization","@id":"https:\/\/www.voelkel-re.de\/#organization","name":"V\u00d6LKEL Real Estate | Hamburg","url":"https:\/\/www.voelkel-re.de\/","logo":{"@type":"ImageObject","inLanguage":"en-US","@id":"https:\/\/www.voelkel-re.de\/#\/schema\/logo\/image\/","url":"https:\/\/www.voelkel-re.de\/wp-content\/uploads\/VOELKEL-Logo.jpg","contentUrl":"https:\/\/www.voelkel-re.de\/wp-content\/uploads\/VOELKEL-Logo.jpg","width":1600,"height":900,"caption":"V\u00d6LKEL Real Estate | Hamburg"},"image":{"@id":"https:\/\/www.voelkel-re.de\/#\/schema\/logo\/image\/"},"sameAs":["https:\/\/de.linkedin.com\/company\/voelkel-real-estate"]},{"@type":"Person","@id":"https:\/\/www.voelkel-re.de\/#\/schema\/person\/ad4855ee39b201e694a5b875a91aef22","name":"MichaelErbe","sameAs":["http:\/\/build.voelkel-re.de"],"url":"https:\/\/www.voelkel-re.de\/en\/author\/michaelerbe\/"}]}},"_links":{"self":[{"href":"https:\/\/www.voelkel-re.de\/en\/wp-json\/wp\/v2\/posts\/3592","targetHints":{"allow":["GET"]}}],"collection":[{"href":"https:\/\/www.voelkel-re.de\/en\/wp-json\/wp\/v2\/posts"}],"about":[{"href":"https:\/\/www.voelkel-re.de\/en\/wp-json\/wp\/v2\/types\/post"}],"author":[{"embeddable":true,"href":"https:\/\/www.voelkel-re.de\/en\/wp-json\/wp\/v2\/users\/1"}],"replies":[{"embeddable":true,"href":"https:\/\/www.voelkel-re.de\/en\/wp-json\/wp\/v2\/comments?post=3592"}],"version-history":[{"count":1,"href":"https:\/\/www.voelkel-re.de\/en\/wp-json\/wp\/v2\/posts\/3592\/revisions"}],"predecessor-version":[{"id":3594,"href":"https:\/\/www.voelkel-re.de\/en\/wp-json\/wp\/v2\/posts\/3592\/revisions\/3594"}],"wp:featuredmedia":[{"embeddable":true,"href":"https:\/\/www.voelkel-re.de\/en\/wp-json\/wp\/v2\/media\/2774"}],"wp:attachment":[{"href":"https:\/\/www.voelkel-re.de\/en\/wp-json\/wp\/v2\/media?parent=3592"}],"wp:term":[{"taxonomy":"category","embeddable":true,"href":"https:\/\/www.voelkel-re.de\/en\/wp-json\/wp\/v2\/categories?post=3592"},{"taxonomy":"post_tag","embeddable":true,"href":"https:\/\/www.voelkel-re.de\/en\/wp-json\/wp\/v2\/tags?post=3592"}],"curies":[{"name":"wp","href":"https:\/\/api.w.org\/{rel}","templated":true}]}}