{"id":3588,"date":"2023-02-11T11:32:00","date_gmt":"2023-02-11T10:32:00","guid":{"rendered":"https:\/\/www.voelkel-re.de\/volkel-takes-part-in-tree-planting-campaign-in-gottingen-and-becomes-a-tree-sponsor-for-sustainable-climate-protection\/"},"modified":"2023-11-09T11:49:23","modified_gmt":"2023-11-09T10:49:23","slug":"volkel-takes-part-in-tree-planting-campaign-in-gottingen-and-becomes-a-tree-sponsor-for-sustainable-climate-protection","status":"publish","type":"post","link":"https:\/\/www.voelkel-re.de\/en\/volkel-takes-part-in-tree-planting-campaign-in-gottingen-and-becomes-a-tree-sponsor-for-sustainable-climate-protection\/","title":{"rendered":"V\u00d6LKEL takes part in tree planting campaign in G\u00f6ttingen"},"content":{"rendered":"\n<p>The G\u00f6ttinger Tagblatt called for a great campaign at the end of 2022: 1,000 new trees are to be planted in the city forest in G\u00f6ttingen.  <\/p>\n\n<p>The V\u00d6LKEL team at Kauf Park G\u00f6ttingen was delighted to take part in this campaign and contributed a total of 24 trees.  <\/p>\n\n<p>The city forestry office had already selected an area of approx. 4,000 square meters for this purpose, on which there were still spruce and larch trees that were either already dead or diseased. New plantings should be made of bird cherry and elm trees. On January 6, 2023, the 1,000 trees were planted in a joint campaign by business people and Tageblatt readers.  <\/p>\n\n<p>V\u00d6LKEL was joined by center manager J\u00fcrgen Brunke and junior center manager Lara Aoul, both of whom helped with the planting. Afterwards there was bratwurst and fresh drinks with great conversations with everyone involved.  <\/p>\n\n<p>J\u00fcrgen Brunke: &#8220;Sometimes it&#8217;s the small actions that are not only a lot of fun, but also make a contribution to something bigger. We&#8217;ll definitely be back next time.&#8221;  <\/p>\n","protected":false},"excerpt":{"rendered":"<p>The G\u00f6ttinger Tagblatt called for a great campaign at the end of 2022: 1,000 new trees are to be planted in the city forest in G\u00f6ttingen. The V\u00d6LKEL team at Kauf Park G\u00f6ttingen was delighted to take part in this campaign and contributed a total of 24 trees. The city forestry office had already selected [&hellip;]<\/p>\n","protected":false},"author":1,"featured_media":2220,"comment_status":"closed","ping_status":"closed","sticky":false,"template":"","format":"standard","meta":{"_acf_changed":false,"footnotes":""},"categories":[1],"tags":[],"class_list":["post-3588","post","type-post","status-publish","format-standard","has-post-thumbnail","hentry","category-unkategorisiert"],"acf":[],"yoast_head":"<!-- This site is optimized with the Yoast SEO plugin v27.5 - https:\/\/yoast.com\/product\/yoast-seo-wordpress\/ -->\n<title>V\u00d6LKEL takes part in tree planting campaign in G\u00f6ttingen - V\u00d6LKEL Real Estate | Hamburg<\/title>\n<meta name=\"robots\" content=\"index, follow, max-snippet:-1, max-image-preview:large, max-video-preview:-1\" \/>\n<link rel=\"canonical\" href=\"https:\/\/www.voelkel-re.de\/en\/volkel-takes-part-in-tree-planting-campaign-in-gottingen-and-becomes-a-tree-sponsor-for-sustainable-climate-protection\/\" \/>\n<meta property=\"og:locale\" content=\"en_US\" \/>\n<meta property=\"og:type\" content=\"article\" \/>\n<meta property=\"og:title\" content=\"V\u00d6LKEL takes part in tree planting campaign in G\u00f6ttingen - V\u00d6LKEL Real Estate | Hamburg\" \/>\n<meta property=\"og:description\" content=\"The G\u00f6ttinger Tagblatt called for a great campaign at the end of 2022: 1,000 new trees are to be planted in the city forest in G\u00f6ttingen. The V\u00d6LKEL team at Kauf Park G\u00f6ttingen was delighted to take part in this campaign and contributed a total of 24 trees. The city forestry office had already selected [&hellip;]\" \/>\n<meta property=\"og:url\" content=\"https:\/\/www.voelkel-re.de\/en\/volkel-takes-part-in-tree-planting-campaign-in-gottingen-and-becomes-a-tree-sponsor-for-sustainable-climate-protection\/\" \/>\n<meta property=\"og:site_name\" content=\"V\u00d6LKEL Real Estate | Hamburg\" \/>\n<meta property=\"article:published_time\" content=\"2023-02-11T10:32:00+00:00\" \/>\n<meta property=\"article:modified_time\" content=\"2023-11-09T10:49:23+00:00\" \/>\n<meta property=\"og:image\" content=\"https:\/\/www.voelkel-re.de\/wp-content\/uploads\/voelkel_news__0014_Baumpflanzaktion.jpg\" \/>\n\t<meta property=\"og:image:width\" content=\"1440\" \/>\n\t<meta property=\"og:image:height\" content=\"1080\" \/>\n\t<meta property=\"og:image:type\" content=\"image\/jpeg\" \/>\n<meta name=\"author\" content=\"MichaelErbe\" \/>\n<meta name=\"twitter:card\" content=\"summary_large_image\" \/>\n<meta name=\"twitter:label1\" content=\"Written by\" \/>\n\t<meta name=\"twitter:data1\" content=\"MichaelErbe\" \/>\n\t<meta name=\"twitter:label2\" content=\"Est. reading time\" \/>\n\t<meta name=\"twitter:data2\" content=\"1 minute\" \/>\n<script type=\"application\/ld+json\" class=\"yoast-schema-graph\">{\"@context\":\"https:\\\/\\\/schema.org\",\"@graph\":[{\"@type\":\"Article\",\"@id\":\"https:\\\/\\\/www.voelkel-re.de\\\/en\\\/volkel-takes-part-in-tree-planting-campaign-in-gottingen-and-becomes-a-tree-sponsor-for-sustainable-climate-protection\\\/#article\",\"isPartOf\":{\"@id\":\"https:\\\/\\\/www.voelkel-re.de\\\/en\\\/volkel-takes-part-in-tree-planting-campaign-in-gottingen-and-becomes-a-tree-sponsor-for-sustainable-climate-protection\\\/\"},\"author\":{\"name\":\"MichaelErbe\",\"@id\":\"https:\\\/\\\/www.voelkel-re.de\\\/#\\\/schema\\\/person\\\/ad4855ee39b201e694a5b875a91aef22\"},\"headline\":\"V\u00d6LKEL takes part in tree planting campaign in G\u00f6ttingen\",\"datePublished\":\"2023-02-11T10:32:00+00:00\",\"dateModified\":\"2023-11-09T10:49:23+00:00\",\"mainEntityOfPage\":{\"@id\":\"https:\\\/\\\/www.voelkel-re.de\\\/en\\\/volkel-takes-part-in-tree-planting-campaign-in-gottingen-and-becomes-a-tree-sponsor-for-sustainable-climate-protection\\\/\"},\"wordCount\":187,\"publisher\":{\"@id\":\"https:\\\/\\\/www.voelkel-re.de\\\/#organization\"},\"image\":{\"@id\":\"https:\\\/\\\/www.voelkel-re.de\\\/en\\\/volkel-takes-part-in-tree-planting-campaign-in-gottingen-and-becomes-a-tree-sponsor-for-sustainable-climate-protection\\\/#primaryimage\"},\"thumbnailUrl\":\"https:\\\/\\\/www.voelkel-re.de\\\/wp-content\\\/uploads\\\/voelkel_news__0014_Baumpflanzaktion.jpg\",\"articleSection\":[\"Unkategorisiert\"],\"inLanguage\":\"en-US\"},{\"@type\":\"WebPage\",\"@id\":\"https:\\\/\\\/www.voelkel-re.de\\\/en\\\/volkel-takes-part-in-tree-planting-campaign-in-gottingen-and-becomes-a-tree-sponsor-for-sustainable-climate-protection\\\/\",\"url\":\"https:\\\/\\\/www.voelkel-re.de\\\/en\\\/volkel-takes-part-in-tree-planting-campaign-in-gottingen-and-becomes-a-tree-sponsor-for-sustainable-climate-protection\\\/\",\"name\":\"V\u00d6LKEL takes part in tree planting campaign in G\u00f6ttingen - V\u00d6LKEL Real Estate | Hamburg\",\"isPartOf\":{\"@id\":\"https:\\\/\\\/www.voelkel-re.de\\\/#website\"},\"primaryImageOfPage\":{\"@id\":\"https:\\\/\\\/www.voelkel-re.de\\\/en\\\/volkel-takes-part-in-tree-planting-campaign-in-gottingen-and-becomes-a-tree-sponsor-for-sustainable-climate-protection\\\/#primaryimage\"},\"image\":{\"@id\":\"https:\\\/\\\/www.voelkel-re.de\\\/en\\\/volkel-takes-part-in-tree-planting-campaign-in-gottingen-and-becomes-a-tree-sponsor-for-sustainable-climate-protection\\\/#primaryimage\"},\"thumbnailUrl\":\"https:\\\/\\\/www.voelkel-re.de\\\/wp-content\\\/uploads\\\/voelkel_news__0014_Baumpflanzaktion.jpg\",\"datePublished\":\"2023-02-11T10:32:00+00:00\",\"dateModified\":\"2023-11-09T10:49:23+00:00\",\"breadcrumb\":{\"@id\":\"https:\\\/\\\/www.voelkel-re.de\\\/en\\\/volkel-takes-part-in-tree-planting-campaign-in-gottingen-and-becomes-a-tree-sponsor-for-sustainable-climate-protection\\\/#breadcrumb\"},\"inLanguage\":\"en-US\",\"potentialAction\":[{\"@type\":\"ReadAction\",\"target\":[\"https:\\\/\\\/www.voelkel-re.de\\\/en\\\/volkel-takes-part-in-tree-planting-campaign-in-gottingen-and-becomes-a-tree-sponsor-for-sustainable-climate-protection\\\/\"]}]},{\"@type\":\"ImageObject\",\"inLanguage\":\"en-US\",\"@id\":\"https:\\\/\\\/www.voelkel-re.de\\\/en\\\/volkel-takes-part-in-tree-planting-campaign-in-gottingen-and-becomes-a-tree-sponsor-for-sustainable-climate-protection\\\/#primaryimage\",\"url\":\"https:\\\/\\\/www.voelkel-re.de\\\/wp-content\\\/uploads\\\/voelkel_news__0014_Baumpflanzaktion.jpg\",\"contentUrl\":\"https:\\\/\\\/www.voelkel-re.de\\\/wp-content\\\/uploads\\\/voelkel_news__0014_Baumpflanzaktion.jpg\",\"width\":1440,\"height\":1080,\"caption\":\"V\u00d6LKEL nimmt an Baumpflanzaktion in G\u00f6ttingen teil und wird Baumpate f\u00fcr nachhaltigen Klimaschutz\u00a0\"},{\"@type\":\"BreadcrumbList\",\"@id\":\"https:\\\/\\\/www.voelkel-re.de\\\/en\\\/volkel-takes-part-in-tree-planting-campaign-in-gottingen-and-becomes-a-tree-sponsor-for-sustainable-climate-protection\\\/#breadcrumb\",\"itemListElement\":[{\"@type\":\"ListItem\",\"position\":1,\"name\":\"Startseite\",\"item\":\"https:\\\/\\\/www.voelkel-re.de\\\/en\\\/\"},{\"@type\":\"ListItem\",\"position\":2,\"name\":\"V\u00d6LKEL takes part in tree planting campaign in G\u00f6ttingen\"}]},{\"@type\":\"WebSite\",\"@id\":\"https:\\\/\\\/www.voelkel-re.de\\\/#website\",\"url\":\"https:\\\/\\\/www.voelkel-re.de\\\/\",\"name\":\"V\u00d6LKEL Real Estate | Hamburg\",\"description\":\"Immobiliendienstleistungen f\u00fcr Handels- und Gewerbeimmobilien\",\"publisher\":{\"@id\":\"https:\\\/\\\/www.voelkel-re.de\\\/#organization\"},\"potentialAction\":[{\"@type\":\"SearchAction\",\"target\":{\"@type\":\"EntryPoint\",\"urlTemplate\":\"https:\\\/\\\/www.voelkel-re.de\\\/?s={search_term_string}\"},\"query-input\":{\"@type\":\"PropertyValueSpecification\",\"valueRequired\":true,\"valueName\":\"search_term_string\"}}],\"inLanguage\":\"en-US\"},{\"@type\":\"Organization\",\"@id\":\"https:\\\/\\\/www.voelkel-re.de\\\/#organization\",\"name\":\"V\u00d6LKEL Real Estate | Hamburg\",\"url\":\"https:\\\/\\\/www.voelkel-re.de\\\/\",\"logo\":{\"@type\":\"ImageObject\",\"inLanguage\":\"en-US\",\"@id\":\"https:\\\/\\\/www.voelkel-re.de\\\/#\\\/schema\\\/logo\\\/image\\\/\",\"url\":\"https:\\\/\\\/www.voelkel-re.de\\\/wp-content\\\/uploads\\\/VOELKEL-Logo.jpg\",\"contentUrl\":\"https:\\\/\\\/www.voelkel-re.de\\\/wp-content\\\/uploads\\\/VOELKEL-Logo.jpg\",\"width\":1600,\"height\":900,\"caption\":\"V\u00d6LKEL Real Estate | Hamburg\"},\"image\":{\"@id\":\"https:\\\/\\\/www.voelkel-re.de\\\/#\\\/schema\\\/logo\\\/image\\\/\"},\"sameAs\":[\"https:\\\/\\\/de.linkedin.com\\\/company\\\/voelkel-real-estate\"]},{\"@type\":\"Person\",\"@id\":\"https:\\\/\\\/www.voelkel-re.de\\\/#\\\/schema\\\/person\\\/ad4855ee39b201e694a5b875a91aef22\",\"name\":\"MichaelErbe\",\"sameAs\":[\"http:\\\/\\\/build.voelkel-re.de\"],\"url\":\"https:\\\/\\\/www.voelkel-re.de\\\/en\\\/author\\\/michaelerbe\\\/\"}]}<\/script>\n<!-- \/ Yoast SEO plugin. -->","yoast_head_json":{"title":"V\u00d6LKEL takes part in tree planting campaign in G\u00f6ttingen - V\u00d6LKEL Real Estate | Hamburg","robots":{"index":"index","follow":"follow","max-snippet":"max-snippet:-1","max-image-preview":"max-image-preview:large","max-video-preview":"max-video-preview:-1"},"canonical":"https:\/\/www.voelkel-re.de\/en\/volkel-takes-part-in-tree-planting-campaign-in-gottingen-and-becomes-a-tree-sponsor-for-sustainable-climate-protection\/","og_locale":"en_US","og_type":"article","og_title":"V\u00d6LKEL takes part in tree planting campaign in G\u00f6ttingen - V\u00d6LKEL Real Estate | Hamburg","og_description":"The G\u00f6ttinger Tagblatt called for a great campaign at the end of 2022: 1,000 new trees are to be planted in the city forest in G\u00f6ttingen. The V\u00d6LKEL team at Kauf Park G\u00f6ttingen was delighted to take part in this campaign and contributed a total of 24 trees. The city forestry office had already selected [&hellip;]","og_url":"https:\/\/www.voelkel-re.de\/en\/volkel-takes-part-in-tree-planting-campaign-in-gottingen-and-becomes-a-tree-sponsor-for-sustainable-climate-protection\/","og_site_name":"V\u00d6LKEL Real Estate | Hamburg","article_published_time":"2023-02-11T10:32:00+00:00","article_modified_time":"2023-11-09T10:49:23+00:00","og_image":[{"width":1440,"height":1080,"url":"https:\/\/www.voelkel-re.de\/wp-content\/uploads\/voelkel_news__0014_Baumpflanzaktion.jpg","type":"image\/jpeg"}],"author":"MichaelErbe","twitter_card":"summary_large_image","twitter_misc":{"Written by":"MichaelErbe","Est. reading time":"1 minute"},"schema":{"@context":"https:\/\/schema.org","@graph":[{"@type":"Article","@id":"https:\/\/www.voelkel-re.de\/en\/volkel-takes-part-in-tree-planting-campaign-in-gottingen-and-becomes-a-tree-sponsor-for-sustainable-climate-protection\/#article","isPartOf":{"@id":"https:\/\/www.voelkel-re.de\/en\/volkel-takes-part-in-tree-planting-campaign-in-gottingen-and-becomes-a-tree-sponsor-for-sustainable-climate-protection\/"},"author":{"name":"MichaelErbe","@id":"https:\/\/www.voelkel-re.de\/#\/schema\/person\/ad4855ee39b201e694a5b875a91aef22"},"headline":"V\u00d6LKEL takes part in tree planting campaign in G\u00f6ttingen","datePublished":"2023-02-11T10:32:00+00:00","dateModified":"2023-11-09T10:49:23+00:00","mainEntityOfPage":{"@id":"https:\/\/www.voelkel-re.de\/en\/volkel-takes-part-in-tree-planting-campaign-in-gottingen-and-becomes-a-tree-sponsor-for-sustainable-climate-protection\/"},"wordCount":187,"publisher":{"@id":"https:\/\/www.voelkel-re.de\/#organization"},"image":{"@id":"https:\/\/www.voelkel-re.de\/en\/volkel-takes-part-in-tree-planting-campaign-in-gottingen-and-becomes-a-tree-sponsor-for-sustainable-climate-protection\/#primaryimage"},"thumbnailUrl":"https:\/\/www.voelkel-re.de\/wp-content\/uploads\/voelkel_news__0014_Baumpflanzaktion.jpg","articleSection":["Unkategorisiert"],"inLanguage":"en-US"},{"@type":"WebPage","@id":"https:\/\/www.voelkel-re.de\/en\/volkel-takes-part-in-tree-planting-campaign-in-gottingen-and-becomes-a-tree-sponsor-for-sustainable-climate-protection\/","url":"https:\/\/www.voelkel-re.de\/en\/volkel-takes-part-in-tree-planting-campaign-in-gottingen-and-becomes-a-tree-sponsor-for-sustainable-climate-protection\/","name":"V\u00d6LKEL takes part in tree planting campaign in G\u00f6ttingen - V\u00d6LKEL Real Estate | Hamburg","isPartOf":{"@id":"https:\/\/www.voelkel-re.de\/#website"},"primaryImageOfPage":{"@id":"https:\/\/www.voelkel-re.de\/en\/volkel-takes-part-in-tree-planting-campaign-in-gottingen-and-becomes-a-tree-sponsor-for-sustainable-climate-protection\/#primaryimage"},"image":{"@id":"https:\/\/www.voelkel-re.de\/en\/volkel-takes-part-in-tree-planting-campaign-in-gottingen-and-becomes-a-tree-sponsor-for-sustainable-climate-protection\/#primaryimage"},"thumbnailUrl":"https:\/\/www.voelkel-re.de\/wp-content\/uploads\/voelkel_news__0014_Baumpflanzaktion.jpg","datePublished":"2023-02-11T10:32:00+00:00","dateModified":"2023-11-09T10:49:23+00:00","breadcrumb":{"@id":"https:\/\/www.voelkel-re.de\/en\/volkel-takes-part-in-tree-planting-campaign-in-gottingen-and-becomes-a-tree-sponsor-for-sustainable-climate-protection\/#breadcrumb"},"inLanguage":"en-US","potentialAction":[{"@type":"ReadAction","target":["https:\/\/www.voelkel-re.de\/en\/volkel-takes-part-in-tree-planting-campaign-in-gottingen-and-becomes-a-tree-sponsor-for-sustainable-climate-protection\/"]}]},{"@type":"ImageObject","inLanguage":"en-US","@id":"https:\/\/www.voelkel-re.de\/en\/volkel-takes-part-in-tree-planting-campaign-in-gottingen-and-becomes-a-tree-sponsor-for-sustainable-climate-protection\/#primaryimage","url":"https:\/\/www.voelkel-re.de\/wp-content\/uploads\/voelkel_news__0014_Baumpflanzaktion.jpg","contentUrl":"https:\/\/www.voelkel-re.de\/wp-content\/uploads\/voelkel_news__0014_Baumpflanzaktion.jpg","width":1440,"height":1080,"caption":"V\u00d6LKEL nimmt an Baumpflanzaktion in G\u00f6ttingen teil und wird Baumpate f\u00fcr nachhaltigen Klimaschutz\u00a0"},{"@type":"BreadcrumbList","@id":"https:\/\/www.voelkel-re.de\/en\/volkel-takes-part-in-tree-planting-campaign-in-gottingen-and-becomes-a-tree-sponsor-for-sustainable-climate-protection\/#breadcrumb","itemListElement":[{"@type":"ListItem","position":1,"name":"Startseite","item":"https:\/\/www.voelkel-re.de\/en\/"},{"@type":"ListItem","position":2,"name":"V\u00d6LKEL takes part in tree planting campaign in G\u00f6ttingen"}]},{"@type":"WebSite","@id":"https:\/\/www.voelkel-re.de\/#website","url":"https:\/\/www.voelkel-re.de\/","name":"V\u00d6LKEL Real Estate | Hamburg","description":"Immobiliendienstleistungen f\u00fcr Handels- und Gewerbeimmobilien","publisher":{"@id":"https:\/\/www.voelkel-re.de\/#organization"},"potentialAction":[{"@type":"SearchAction","target":{"@type":"EntryPoint","urlTemplate":"https:\/\/www.voelkel-re.de\/?s={search_term_string}"},"query-input":{"@type":"PropertyValueSpecification","valueRequired":true,"valueName":"search_term_string"}}],"inLanguage":"en-US"},{"@type":"Organization","@id":"https:\/\/www.voelkel-re.de\/#organization","name":"V\u00d6LKEL Real Estate | Hamburg","url":"https:\/\/www.voelkel-re.de\/","logo":{"@type":"ImageObject","inLanguage":"en-US","@id":"https:\/\/www.voelkel-re.de\/#\/schema\/logo\/image\/","url":"https:\/\/www.voelkel-re.de\/wp-content\/uploads\/VOELKEL-Logo.jpg","contentUrl":"https:\/\/www.voelkel-re.de\/wp-content\/uploads\/VOELKEL-Logo.jpg","width":1600,"height":900,"caption":"V\u00d6LKEL Real Estate | Hamburg"},"image":{"@id":"https:\/\/www.voelkel-re.de\/#\/schema\/logo\/image\/"},"sameAs":["https:\/\/de.linkedin.com\/company\/voelkel-real-estate"]},{"@type":"Person","@id":"https:\/\/www.voelkel-re.de\/#\/schema\/person\/ad4855ee39b201e694a5b875a91aef22","name":"MichaelErbe","sameAs":["http:\/\/build.voelkel-re.de"],"url":"https:\/\/www.voelkel-re.de\/en\/author\/michaelerbe\/"}]}},"_links":{"self":[{"href":"https:\/\/www.voelkel-re.de\/en\/wp-json\/wp\/v2\/posts\/3588","targetHints":{"allow":["GET"]}}],"collection":[{"href":"https:\/\/www.voelkel-re.de\/en\/wp-json\/wp\/v2\/posts"}],"about":[{"href":"https:\/\/www.voelkel-re.de\/en\/wp-json\/wp\/v2\/types\/post"}],"author":[{"embeddable":true,"href":"https:\/\/www.voelkel-re.de\/en\/wp-json\/wp\/v2\/users\/1"}],"replies":[{"embeddable":true,"href":"https:\/\/www.voelkel-re.de\/en\/wp-json\/wp\/v2\/comments?post=3588"}],"version-history":[{"count":2,"href":"https:\/\/www.voelkel-re.de\/en\/wp-json\/wp\/v2\/posts\/3588\/revisions"}],"predecessor-version":[{"id":4070,"href":"https:\/\/www.voelkel-re.de\/en\/wp-json\/wp\/v2\/posts\/3588\/revisions\/4070"}],"wp:featuredmedia":[{"embeddable":true,"href":"https:\/\/www.voelkel-re.de\/en\/wp-json\/wp\/v2\/media\/2220"}],"wp:attachment":[{"href":"https:\/\/www.voelkel-re.de\/en\/wp-json\/wp\/v2\/media?parent=3588"}],"wp:term":[{"taxonomy":"category","embeddable":true,"href":"https:\/\/www.voelkel-re.de\/en\/wp-json\/wp\/v2\/categories?post=3588"},{"taxonomy":"post_tag","embeddable":true,"href":"https:\/\/www.voelkel-re.de\/en\/wp-json\/wp\/v2\/tags?post=3588"}],"curies":[{"name":"wp","href":"https:\/\/api.w.org\/{rel}","templated":true}]}}