{"id":3571,"date":"2023-03-06T11:29:00","date_gmt":"2023-03-06T10:29:00","guid":{"rendered":"https:\/\/www.voelkel-re.de\/neue-mitte-furth-expands-its-range-with-the-calzedonia-and-intimissimi-brands\/"},"modified":"2023-11-09T11:47:25","modified_gmt":"2023-11-09T10:47:25","slug":"neue-mitte-furth-expands-its-range-with-the-calzedonia-and-intimissimi-brands","status":"publish","type":"post","link":"https:\/\/www.voelkel-re.de\/en\/neue-mitte-furth-expands-its-range-with-the-calzedonia-and-intimissimi-brands\/","title":{"rendered":"Neue Mitte F\u00fcrth expands its range with the Calzedonia and Intimissimi brands"},"content":{"rendered":"\n<p><\/p>\n\n<p>With Calzedonia and Intimissimi, V\u00d6LKEL welcomes two strong new brands to the inner-city shopping center Neue Mitte F\u00fcrth.  <\/p>\n\n<p>The two brands belong to the Italian Calzedonia Group, which has around 200 stores in Germany. While the Calzedonia brand specializes in legwear and beachwear for women, men and children, Intimissimi stands for glamorous Italian-style lingerie. The two brands share a rental space of around 200 square meters.  <\/p>\n\n<p>With around 134,000 inhabitants, F\u00fcrth is the second largest city in Middle Franconia. Together with Nuremberg, Erlangen and Bayreuth, the city forms the Nuremberg metropolitan region with around 3.5 million inhabitants.  <\/p>\n\n<p>The Neue Mitte F\u00fcrth shopping center is located in the pedestrian zone in the heart of F\u00fcrth, just a few hundred meters from the main train station. It was opened in 2015 with a total rental space of around 18,000 sqm. Calzedonia complements the strong line-up with TK Maxx, C&amp;A, New Yorker, Snipes, Depot, Esprit, Hugendubel, Rewe and dm, among others. The retail units on the upper floors are complemented by offices, surgeries and a sports studio. Another highlight is the light-flooded city library on the top floor, which offers visitors a panoramic view over F\u00fcrth from the terrace of the library caf\u00e9.  <\/p>\n\n<p>Since 2018, V\u00d6LKEL Real Estate has been managing Neue Mitte F\u00fcrth in the areas of center and district management, marketing\/public relations, leasing and tenant care.  <\/p>\n\n<p>The V\u00d6LKEL Group was founded in Hamburg in 2004 and, in addition to operational property management, offers a wide range of other services relating to the life cycle of a property. She has been working for Deka Immobilien for many years and now manages various shopping centers and retail parks for the investor.  <\/p>\n","protected":false},"excerpt":{"rendered":"<p>With Calzedonia and Intimissimi, V\u00d6LKEL welcomes two strong new brands to the inner-city shopping center Neue Mitte F\u00fcrth. The two brands belong to the Italian Calzedonia Group, which has around 200 stores in Germany. While the Calzedonia brand specializes in legwear and beachwear for women, men and children, Intimissimi stands for glamorous Italian-style lingerie. The [&hellip;]<\/p>\n","protected":false},"author":1,"featured_media":2218,"comment_status":"closed","ping_status":"closed","sticky":false,"template":"","format":"standard","meta":{"_acf_changed":false,"footnotes":""},"categories":[1],"tags":[],"class_list":["post-3571","post","type-post","status-publish","format-standard","has-post-thumbnail","hentry","category-unkategorisiert"],"acf":[],"yoast_head":"<!-- This site is optimized with the Yoast SEO plugin v27.5 - https:\/\/yoast.com\/product\/yoast-seo-wordpress\/ -->\n<title>Neue Mitte F\u00fcrth expands its range with the Calzedonia and Intimissimi brands - V\u00d6LKEL Real Estate | Hamburg<\/title>\n<meta name=\"robots\" content=\"index, follow, max-snippet:-1, max-image-preview:large, max-video-preview:-1\" \/>\n<link rel=\"canonical\" href=\"https:\/\/www.voelkel-re.de\/en\/neue-mitte-furth-expands-its-range-with-the-calzedonia-and-intimissimi-brands\/\" \/>\n<meta property=\"og:locale\" content=\"en_US\" \/>\n<meta property=\"og:type\" content=\"article\" \/>\n<meta property=\"og:title\" content=\"Neue Mitte F\u00fcrth expands its range with the Calzedonia and Intimissimi brands - V\u00d6LKEL Real Estate | Hamburg\" \/>\n<meta property=\"og:description\" content=\"With Calzedonia and Intimissimi, V\u00d6LKEL welcomes two strong new brands to the inner-city shopping center Neue Mitte F\u00fcrth. The two brands belong to the Italian Calzedonia Group, which has around 200 stores in Germany. While the Calzedonia brand specializes in legwear and beachwear for women, men and children, Intimissimi stands for glamorous Italian-style lingerie. The [&hellip;]\" \/>\n<meta property=\"og:url\" content=\"https:\/\/www.voelkel-re.de\/en\/neue-mitte-furth-expands-its-range-with-the-calzedonia-and-intimissimi-brands\/\" \/>\n<meta property=\"og:site_name\" content=\"V\u00d6LKEL Real Estate | Hamburg\" \/>\n<meta property=\"article:published_time\" content=\"2023-03-06T10:29:00+00:00\" \/>\n<meta property=\"article:modified_time\" content=\"2023-11-09T10:47:25+00:00\" \/>\n<meta property=\"og:image\" content=\"https:\/\/www.voelkel-re.de\/wp-content\/uploads\/voelkel_news__0013_Calzedonia.jpg\" \/>\n\t<meta property=\"og:image:width\" content=\"1440\" \/>\n\t<meta property=\"og:image:height\" content=\"1080\" \/>\n\t<meta property=\"og:image:type\" content=\"image\/jpeg\" \/>\n<meta name=\"author\" content=\"MichaelErbe\" \/>\n<meta name=\"twitter:card\" content=\"summary_large_image\" \/>\n<meta name=\"twitter:label1\" content=\"Written by\" \/>\n\t<meta name=\"twitter:data1\" content=\"MichaelErbe\" \/>\n\t<meta name=\"twitter:label2\" content=\"Est. reading time\" \/>\n\t<meta name=\"twitter:data2\" content=\"2 minutes\" \/>\n<script type=\"application\/ld+json\" class=\"yoast-schema-graph\">{\"@context\":\"https:\\\/\\\/schema.org\",\"@graph\":[{\"@type\":\"Article\",\"@id\":\"https:\\\/\\\/www.voelkel-re.de\\\/en\\\/neue-mitte-furth-expands-its-range-with-the-calzedonia-and-intimissimi-brands\\\/#article\",\"isPartOf\":{\"@id\":\"https:\\\/\\\/www.voelkel-re.de\\\/en\\\/neue-mitte-furth-expands-its-range-with-the-calzedonia-and-intimissimi-brands\\\/\"},\"author\":{\"name\":\"MichaelErbe\",\"@id\":\"https:\\\/\\\/www.voelkel-re.de\\\/#\\\/schema\\\/person\\\/ad4855ee39b201e694a5b875a91aef22\"},\"headline\":\"Neue Mitte F\u00fcrth expands its range with the Calzedonia and Intimissimi brands\",\"datePublished\":\"2023-03-06T10:29:00+00:00\",\"dateModified\":\"2023-11-09T10:47:25+00:00\",\"mainEntityOfPage\":{\"@id\":\"https:\\\/\\\/www.voelkel-re.de\\\/en\\\/neue-mitte-furth-expands-its-range-with-the-calzedonia-and-intimissimi-brands\\\/\"},\"wordCount\":295,\"publisher\":{\"@id\":\"https:\\\/\\\/www.voelkel-re.de\\\/#organization\"},\"image\":{\"@id\":\"https:\\\/\\\/www.voelkel-re.de\\\/en\\\/neue-mitte-furth-expands-its-range-with-the-calzedonia-and-intimissimi-brands\\\/#primaryimage\"},\"thumbnailUrl\":\"https:\\\/\\\/www.voelkel-re.de\\\/wp-content\\\/uploads\\\/voelkel_news__0013_Calzedonia.jpg\",\"articleSection\":[\"Unkategorisiert\"],\"inLanguage\":\"en-US\"},{\"@type\":\"WebPage\",\"@id\":\"https:\\\/\\\/www.voelkel-re.de\\\/en\\\/neue-mitte-furth-expands-its-range-with-the-calzedonia-and-intimissimi-brands\\\/\",\"url\":\"https:\\\/\\\/www.voelkel-re.de\\\/en\\\/neue-mitte-furth-expands-its-range-with-the-calzedonia-and-intimissimi-brands\\\/\",\"name\":\"Neue Mitte F\u00fcrth expands its range with the Calzedonia and Intimissimi brands - V\u00d6LKEL Real Estate | Hamburg\",\"isPartOf\":{\"@id\":\"https:\\\/\\\/www.voelkel-re.de\\\/#website\"},\"primaryImageOfPage\":{\"@id\":\"https:\\\/\\\/www.voelkel-re.de\\\/en\\\/neue-mitte-furth-expands-its-range-with-the-calzedonia-and-intimissimi-brands\\\/#primaryimage\"},\"image\":{\"@id\":\"https:\\\/\\\/www.voelkel-re.de\\\/en\\\/neue-mitte-furth-expands-its-range-with-the-calzedonia-and-intimissimi-brands\\\/#primaryimage\"},\"thumbnailUrl\":\"https:\\\/\\\/www.voelkel-re.de\\\/wp-content\\\/uploads\\\/voelkel_news__0013_Calzedonia.jpg\",\"datePublished\":\"2023-03-06T10:29:00+00:00\",\"dateModified\":\"2023-11-09T10:47:25+00:00\",\"breadcrumb\":{\"@id\":\"https:\\\/\\\/www.voelkel-re.de\\\/en\\\/neue-mitte-furth-expands-its-range-with-the-calzedonia-and-intimissimi-brands\\\/#breadcrumb\"},\"inLanguage\":\"en-US\",\"potentialAction\":[{\"@type\":\"ReadAction\",\"target\":[\"https:\\\/\\\/www.voelkel-re.de\\\/en\\\/neue-mitte-furth-expands-its-range-with-the-calzedonia-and-intimissimi-brands\\\/\"]}]},{\"@type\":\"ImageObject\",\"inLanguage\":\"en-US\",\"@id\":\"https:\\\/\\\/www.voelkel-re.de\\\/en\\\/neue-mitte-furth-expands-its-range-with-the-calzedonia-and-intimissimi-brands\\\/#primaryimage\",\"url\":\"https:\\\/\\\/www.voelkel-re.de\\\/wp-content\\\/uploads\\\/voelkel_news__0013_Calzedonia.jpg\",\"contentUrl\":\"https:\\\/\\\/www.voelkel-re.de\\\/wp-content\\\/uploads\\\/voelkel_news__0013_Calzedonia.jpg\",\"width\":1440,\"height\":1080,\"caption\":\"Neue Mitte F\u00fcrth erweitert sein Angebot um die Marken Calzedonia und Intimissimi\u00a0\"},{\"@type\":\"BreadcrumbList\",\"@id\":\"https:\\\/\\\/www.voelkel-re.de\\\/en\\\/neue-mitte-furth-expands-its-range-with-the-calzedonia-and-intimissimi-brands\\\/#breadcrumb\",\"itemListElement\":[{\"@type\":\"ListItem\",\"position\":1,\"name\":\"Startseite\",\"item\":\"https:\\\/\\\/www.voelkel-re.de\\\/en\\\/\"},{\"@type\":\"ListItem\",\"position\":2,\"name\":\"Neue Mitte F\u00fcrth expands its range with the Calzedonia and Intimissimi brands\"}]},{\"@type\":\"WebSite\",\"@id\":\"https:\\\/\\\/www.voelkel-re.de\\\/#website\",\"url\":\"https:\\\/\\\/www.voelkel-re.de\\\/\",\"name\":\"V\u00d6LKEL Real Estate | Hamburg\",\"description\":\"Immobiliendienstleistungen f\u00fcr Handels- und Gewerbeimmobilien\",\"publisher\":{\"@id\":\"https:\\\/\\\/www.voelkel-re.de\\\/#organization\"},\"potentialAction\":[{\"@type\":\"SearchAction\",\"target\":{\"@type\":\"EntryPoint\",\"urlTemplate\":\"https:\\\/\\\/www.voelkel-re.de\\\/?s={search_term_string}\"},\"query-input\":{\"@type\":\"PropertyValueSpecification\",\"valueRequired\":true,\"valueName\":\"search_term_string\"}}],\"inLanguage\":\"en-US\"},{\"@type\":\"Organization\",\"@id\":\"https:\\\/\\\/www.voelkel-re.de\\\/#organization\",\"name\":\"V\u00d6LKEL Real Estate | Hamburg\",\"url\":\"https:\\\/\\\/www.voelkel-re.de\\\/\",\"logo\":{\"@type\":\"ImageObject\",\"inLanguage\":\"en-US\",\"@id\":\"https:\\\/\\\/www.voelkel-re.de\\\/#\\\/schema\\\/logo\\\/image\\\/\",\"url\":\"https:\\\/\\\/www.voelkel-re.de\\\/wp-content\\\/uploads\\\/VOELKEL-Logo.jpg\",\"contentUrl\":\"https:\\\/\\\/www.voelkel-re.de\\\/wp-content\\\/uploads\\\/VOELKEL-Logo.jpg\",\"width\":1600,\"height\":900,\"caption\":\"V\u00d6LKEL Real Estate | Hamburg\"},\"image\":{\"@id\":\"https:\\\/\\\/www.voelkel-re.de\\\/#\\\/schema\\\/logo\\\/image\\\/\"},\"sameAs\":[\"https:\\\/\\\/de.linkedin.com\\\/company\\\/voelkel-real-estate\"]},{\"@type\":\"Person\",\"@id\":\"https:\\\/\\\/www.voelkel-re.de\\\/#\\\/schema\\\/person\\\/ad4855ee39b201e694a5b875a91aef22\",\"name\":\"MichaelErbe\",\"sameAs\":[\"http:\\\/\\\/build.voelkel-re.de\"],\"url\":\"https:\\\/\\\/www.voelkel-re.de\\\/en\\\/author\\\/michaelerbe\\\/\"}]}<\/script>\n<!-- \/ Yoast SEO plugin. -->","yoast_head_json":{"title":"Neue Mitte F\u00fcrth expands its range with the Calzedonia and Intimissimi brands - V\u00d6LKEL Real Estate | Hamburg","robots":{"index":"index","follow":"follow","max-snippet":"max-snippet:-1","max-image-preview":"max-image-preview:large","max-video-preview":"max-video-preview:-1"},"canonical":"https:\/\/www.voelkel-re.de\/en\/neue-mitte-furth-expands-its-range-with-the-calzedonia-and-intimissimi-brands\/","og_locale":"en_US","og_type":"article","og_title":"Neue Mitte F\u00fcrth expands its range with the Calzedonia and Intimissimi brands - V\u00d6LKEL Real Estate | Hamburg","og_description":"With Calzedonia and Intimissimi, V\u00d6LKEL welcomes two strong new brands to the inner-city shopping center Neue Mitte F\u00fcrth. The two brands belong to the Italian Calzedonia Group, which has around 200 stores in Germany. While the Calzedonia brand specializes in legwear and beachwear for women, men and children, Intimissimi stands for glamorous Italian-style lingerie. The [&hellip;]","og_url":"https:\/\/www.voelkel-re.de\/en\/neue-mitte-furth-expands-its-range-with-the-calzedonia-and-intimissimi-brands\/","og_site_name":"V\u00d6LKEL Real Estate | Hamburg","article_published_time":"2023-03-06T10:29:00+00:00","article_modified_time":"2023-11-09T10:47:25+00:00","og_image":[{"width":1440,"height":1080,"url":"https:\/\/www.voelkel-re.de\/wp-content\/uploads\/voelkel_news__0013_Calzedonia.jpg","type":"image\/jpeg"}],"author":"MichaelErbe","twitter_card":"summary_large_image","twitter_misc":{"Written by":"MichaelErbe","Est. reading time":"2 minutes"},"schema":{"@context":"https:\/\/schema.org","@graph":[{"@type":"Article","@id":"https:\/\/www.voelkel-re.de\/en\/neue-mitte-furth-expands-its-range-with-the-calzedonia-and-intimissimi-brands\/#article","isPartOf":{"@id":"https:\/\/www.voelkel-re.de\/en\/neue-mitte-furth-expands-its-range-with-the-calzedonia-and-intimissimi-brands\/"},"author":{"name":"MichaelErbe","@id":"https:\/\/www.voelkel-re.de\/#\/schema\/person\/ad4855ee39b201e694a5b875a91aef22"},"headline":"Neue Mitte F\u00fcrth expands its range with the Calzedonia and Intimissimi brands","datePublished":"2023-03-06T10:29:00+00:00","dateModified":"2023-11-09T10:47:25+00:00","mainEntityOfPage":{"@id":"https:\/\/www.voelkel-re.de\/en\/neue-mitte-furth-expands-its-range-with-the-calzedonia-and-intimissimi-brands\/"},"wordCount":295,"publisher":{"@id":"https:\/\/www.voelkel-re.de\/#organization"},"image":{"@id":"https:\/\/www.voelkel-re.de\/en\/neue-mitte-furth-expands-its-range-with-the-calzedonia-and-intimissimi-brands\/#primaryimage"},"thumbnailUrl":"https:\/\/www.voelkel-re.de\/wp-content\/uploads\/voelkel_news__0013_Calzedonia.jpg","articleSection":["Unkategorisiert"],"inLanguage":"en-US"},{"@type":"WebPage","@id":"https:\/\/www.voelkel-re.de\/en\/neue-mitte-furth-expands-its-range-with-the-calzedonia-and-intimissimi-brands\/","url":"https:\/\/www.voelkel-re.de\/en\/neue-mitte-furth-expands-its-range-with-the-calzedonia-and-intimissimi-brands\/","name":"Neue Mitte F\u00fcrth expands its range with the Calzedonia and Intimissimi brands - V\u00d6LKEL Real Estate | Hamburg","isPartOf":{"@id":"https:\/\/www.voelkel-re.de\/#website"},"primaryImageOfPage":{"@id":"https:\/\/www.voelkel-re.de\/en\/neue-mitte-furth-expands-its-range-with-the-calzedonia-and-intimissimi-brands\/#primaryimage"},"image":{"@id":"https:\/\/www.voelkel-re.de\/en\/neue-mitte-furth-expands-its-range-with-the-calzedonia-and-intimissimi-brands\/#primaryimage"},"thumbnailUrl":"https:\/\/www.voelkel-re.de\/wp-content\/uploads\/voelkel_news__0013_Calzedonia.jpg","datePublished":"2023-03-06T10:29:00+00:00","dateModified":"2023-11-09T10:47:25+00:00","breadcrumb":{"@id":"https:\/\/www.voelkel-re.de\/en\/neue-mitte-furth-expands-its-range-with-the-calzedonia-and-intimissimi-brands\/#breadcrumb"},"inLanguage":"en-US","potentialAction":[{"@type":"ReadAction","target":["https:\/\/www.voelkel-re.de\/en\/neue-mitte-furth-expands-its-range-with-the-calzedonia-and-intimissimi-brands\/"]}]},{"@type":"ImageObject","inLanguage":"en-US","@id":"https:\/\/www.voelkel-re.de\/en\/neue-mitte-furth-expands-its-range-with-the-calzedonia-and-intimissimi-brands\/#primaryimage","url":"https:\/\/www.voelkel-re.de\/wp-content\/uploads\/voelkel_news__0013_Calzedonia.jpg","contentUrl":"https:\/\/www.voelkel-re.de\/wp-content\/uploads\/voelkel_news__0013_Calzedonia.jpg","width":1440,"height":1080,"caption":"Neue Mitte F\u00fcrth erweitert sein Angebot um die Marken Calzedonia und Intimissimi\u00a0"},{"@type":"BreadcrumbList","@id":"https:\/\/www.voelkel-re.de\/en\/neue-mitte-furth-expands-its-range-with-the-calzedonia-and-intimissimi-brands\/#breadcrumb","itemListElement":[{"@type":"ListItem","position":1,"name":"Startseite","item":"https:\/\/www.voelkel-re.de\/en\/"},{"@type":"ListItem","position":2,"name":"Neue Mitte F\u00fcrth expands its range with the Calzedonia and Intimissimi brands"}]},{"@type":"WebSite","@id":"https:\/\/www.voelkel-re.de\/#website","url":"https:\/\/www.voelkel-re.de\/","name":"V\u00d6LKEL Real Estate | Hamburg","description":"Immobiliendienstleistungen f\u00fcr Handels- und Gewerbeimmobilien","publisher":{"@id":"https:\/\/www.voelkel-re.de\/#organization"},"potentialAction":[{"@type":"SearchAction","target":{"@type":"EntryPoint","urlTemplate":"https:\/\/www.voelkel-re.de\/?s={search_term_string}"},"query-input":{"@type":"PropertyValueSpecification","valueRequired":true,"valueName":"search_term_string"}}],"inLanguage":"en-US"},{"@type":"Organization","@id":"https:\/\/www.voelkel-re.de\/#organization","name":"V\u00d6LKEL Real Estate | Hamburg","url":"https:\/\/www.voelkel-re.de\/","logo":{"@type":"ImageObject","inLanguage":"en-US","@id":"https:\/\/www.voelkel-re.de\/#\/schema\/logo\/image\/","url":"https:\/\/www.voelkel-re.de\/wp-content\/uploads\/VOELKEL-Logo.jpg","contentUrl":"https:\/\/www.voelkel-re.de\/wp-content\/uploads\/VOELKEL-Logo.jpg","width":1600,"height":900,"caption":"V\u00d6LKEL Real Estate | Hamburg"},"image":{"@id":"https:\/\/www.voelkel-re.de\/#\/schema\/logo\/image\/"},"sameAs":["https:\/\/de.linkedin.com\/company\/voelkel-real-estate"]},{"@type":"Person","@id":"https:\/\/www.voelkel-re.de\/#\/schema\/person\/ad4855ee39b201e694a5b875a91aef22","name":"MichaelErbe","sameAs":["http:\/\/build.voelkel-re.de"],"url":"https:\/\/www.voelkel-re.de\/en\/author\/michaelerbe\/"}]}},"_links":{"self":[{"href":"https:\/\/www.voelkel-re.de\/en\/wp-json\/wp\/v2\/posts\/3571","targetHints":{"allow":["GET"]}}],"collection":[{"href":"https:\/\/www.voelkel-re.de\/en\/wp-json\/wp\/v2\/posts"}],"about":[{"href":"https:\/\/www.voelkel-re.de\/en\/wp-json\/wp\/v2\/types\/post"}],"author":[{"embeddable":true,"href":"https:\/\/www.voelkel-re.de\/en\/wp-json\/wp\/v2\/users\/1"}],"replies":[{"embeddable":true,"href":"https:\/\/www.voelkel-re.de\/en\/wp-json\/wp\/v2\/comments?post=3571"}],"version-history":[{"count":1,"href":"https:\/\/www.voelkel-re.de\/en\/wp-json\/wp\/v2\/posts\/3571\/revisions"}],"predecessor-version":[{"id":3573,"href":"https:\/\/www.voelkel-re.de\/en\/wp-json\/wp\/v2\/posts\/3571\/revisions\/3573"}],"wp:featuredmedia":[{"embeddable":true,"href":"https:\/\/www.voelkel-re.de\/en\/wp-json\/wp\/v2\/media\/2218"}],"wp:attachment":[{"href":"https:\/\/www.voelkel-re.de\/en\/wp-json\/wp\/v2\/media?parent=3571"}],"wp:term":[{"taxonomy":"category","embeddable":true,"href":"https:\/\/www.voelkel-re.de\/en\/wp-json\/wp\/v2\/categories?post=3571"},{"taxonomy":"post_tag","embeddable":true,"href":"https:\/\/www.voelkel-re.de\/en\/wp-json\/wp\/v2\/tags?post=3571"}],"curies":[{"name":"wp","href":"https:\/\/api.w.org\/{rel}","templated":true}]}}