{"id":1769,"date":"2022-06-22T11:41:00","date_gmt":"2022-06-22T09:41:00","guid":{"rendered":"https:\/\/www.voelkel-re.de\/?p=1769"},"modified":"2023-09-27T13:33:29","modified_gmt":"2023-09-27T11:33:29","slug":"volkel-vermittelt-mit-kaufland-den-neuen-ankermieter-im-kauf-park-gottingen","status":"publish","type":"post","link":"https:\/\/www.voelkel-re.de\/en\/volkel-vermittelt-mit-kaufland-den-neuen-ankermieter-im-kauf-park-gottingen\/","title":{"rendered":"V\u00d6LKEL vermittelt mit Kaufland den neuen Ankermieter im Kauf Park G\u00f6ttingen\u00a0"},"content":{"rendered":"\n<p>V\u00d6LKEL Real Estate pr\u00e4sentiert mit Kaufland den neuen Ankermieter f\u00fcr die Nachnutzung des Real-SB-Warenhauses im Kauf Park G\u00f6ttingen. Kaufland wird am 29. Juni seine Tore auf rund 6.000 Quadratmetern \u00f6ffnen.&nbsp;<\/p>\n\n\n\n<p>Zufrieden \u00fcber den neuen Mieter \u00e4u\u00dfert sich R\u00fcdiger Hampe, Gesch\u00e4ftsf\u00fchrer der V\u00f6lkel Real Estate GmbH: \u201eNach zwei Jahren intensiver Arbeit freuen wir uns \u00fcber das Vertrauen, das uns Kaufland mit dem Abschluss eines langfristigen Mietvertrages entgegengebracht hat, und sehen der gemeinsamen Zusammenarbeit erwartungsvoll entgegen. F\u00fcr den Kauf Park, seine Mieter und Kunden ist dies eine gro\u00dfartige Botschaft und sichert seine herausragende Stellung im Markt.\u201c&nbsp; Auch Fabian Otte, Gebietsleiter Expansion von Kaufland, zeigt sich mehr als zufrieden: \u201eWir freuen uns, dass wir Mieter im Kauf Park G\u00f6ttingen werden konnten. Durch die exponierte Lage und strategische Ausrichtung des Objektes sind wir davon \u00fcberzeugt, eine langfristige, erfolgreiche Partnerschaft eingegangen zu sein.\u201c&nbsp;<\/p>\n\n\n\n<p>Der Kauf Park in G\u00f6ttingen wurde 1998 errichtet und ist mit einer Verkaufsfl\u00e4che von rund 45.000 Quadratmetern und \u00fcber 10.000 Besuchern am Tag das gr\u00f6\u00dfte Fachmarktzentrum in S\u00fcdniedersachsen. Die Fl\u00e4chen sind langfristig vermietet, der Angebotsschwerpunkt liegt auf der Deckung des t\u00e4glichen Bedarfs mit Lebensmitteln und Drogerieartikeln, aber auch ein Baumarkt, ein Gartencenter und Gastronomie geh\u00f6ren dazu. Mieter sind unter anderem Obi, Aldi und Tegut.&nbsp;<\/p>\n","protected":false},"excerpt":{"rendered":"<p>V\u00d6LKEL Real Estate pr\u00e4sentiert mit Kaufland den neuen Ankermieter f\u00fcr die Nachnutzung des Real-SB-Warenhauses im Kauf Park G\u00f6ttingen. Kaufland wird am 29. Juni seine Tore auf rund 6.000 Quadratmetern \u00f6ffnen.&nbsp; Zufrieden \u00fcber den neuen Mieter \u00e4u\u00dfert sich R\u00fcdiger Hampe, Gesch\u00e4ftsf\u00fchrer der V\u00f6lkel Real Estate GmbH: \u201eNach zwei Jahren intensiver Arbeit freuen wir uns \u00fcber das [&hellip;]<\/p>\n","protected":false},"author":1,"featured_media":1527,"comment_status":"closed","ping_status":"closed","sticky":false,"template":"","format":"standard","meta":{"_acf_changed":false,"footnotes":""},"categories":[1],"tags":[],"class_list":["post-1769","post","type-post","status-publish","format-standard","has-post-thumbnail","hentry","category-unkategorisiert"],"acf":[],"yoast_head":"<!-- This site is optimized with the Yoast SEO plugin v27.5 - https:\/\/yoast.com\/product\/yoast-seo-wordpress\/ -->\n<title>V\u00d6LKEL vermittelt mit Kaufland den neuen Ankermieter im Kauf Park G\u00f6ttingen\u00a0 - V\u00d6LKEL Real Estate | Hamburg<\/title>\n<meta name=\"robots\" content=\"index, follow, max-snippet:-1, max-image-preview:large, max-video-preview:-1\" \/>\n<link rel=\"canonical\" href=\"https:\/\/www.voelkel-re.de\/volkel-vermittelt-mit-kaufland-den-neuen-ankermieter-im-kauf-park-gottingen\/\" \/>\n<meta property=\"og:locale\" content=\"en_US\" \/>\n<meta property=\"og:type\" content=\"article\" \/>\n<meta property=\"og:title\" content=\"V\u00d6LKEL vermittelt mit Kaufland den neuen Ankermieter im Kauf Park G\u00f6ttingen\u00a0 - V\u00d6LKEL Real Estate | Hamburg\" \/>\n<meta property=\"og:description\" content=\"V\u00d6LKEL Real Estate pr\u00e4sentiert mit Kaufland den neuen Ankermieter f\u00fcr die Nachnutzung des Real-SB-Warenhauses im Kauf Park G\u00f6ttingen. Kaufland wird am 29. Juni seine Tore auf rund 6.000 Quadratmetern \u00f6ffnen.&nbsp; Zufrieden \u00fcber den neuen Mieter \u00e4u\u00dfert sich R\u00fcdiger Hampe, Gesch\u00e4ftsf\u00fchrer der V\u00f6lkel Real Estate GmbH: \u201eNach zwei Jahren intensiver Arbeit freuen wir uns \u00fcber das [&hellip;]\" \/>\n<meta property=\"og:url\" content=\"https:\/\/www.voelkel-re.de\/volkel-vermittelt-mit-kaufland-den-neuen-ankermieter-im-kauf-park-gottingen\/\" \/>\n<meta property=\"og:site_name\" content=\"V\u00d6LKEL Real Estate | Hamburg\" \/>\n<meta property=\"article:published_time\" content=\"2022-06-22T09:41:00+00:00\" \/>\n<meta property=\"article:modified_time\" content=\"2023-09-27T11:33:29+00:00\" \/>\n<meta property=\"og:image\" content=\"https:\/\/www.voelkel-re.de\/wp-content\/uploads\/voelkel_real-estate-consulting-header.jpg\" \/>\n\t<meta property=\"og:image:width\" content=\"1400\" \/>\n\t<meta property=\"og:image:height\" content=\"1050\" \/>\n\t<meta property=\"og:image:type\" content=\"image\/jpeg\" \/>\n<meta name=\"author\" content=\"MichaelErbe\" \/>\n<meta name=\"twitter:card\" content=\"summary_large_image\" \/>\n<meta name=\"twitter:label1\" content=\"Written by\" \/>\n\t<meta name=\"twitter:data1\" content=\"MichaelErbe\" \/>\n\t<meta name=\"twitter:label2\" content=\"Est. reading time\" \/>\n\t<meta name=\"twitter:data2\" content=\"2 minutes\" \/>\n<script type=\"application\/ld+json\" class=\"yoast-schema-graph\">{\"@context\":\"https:\\\/\\\/schema.org\",\"@graph\":[{\"@type\":\"Article\",\"@id\":\"https:\\\/\\\/www.voelkel-re.de\\\/volkel-vermittelt-mit-kaufland-den-neuen-ankermieter-im-kauf-park-gottingen\\\/#article\",\"isPartOf\":{\"@id\":\"https:\\\/\\\/www.voelkel-re.de\\\/volkel-vermittelt-mit-kaufland-den-neuen-ankermieter-im-kauf-park-gottingen\\\/\"},\"author\":{\"name\":\"MichaelErbe\",\"@id\":\"https:\\\/\\\/www.voelkel-re.de\\\/#\\\/schema\\\/person\\\/ad4855ee39b201e694a5b875a91aef22\"},\"headline\":\"V\u00d6LKEL vermittelt mit Kaufland den neuen Ankermieter im Kauf Park G\u00f6ttingen\u00a0\",\"datePublished\":\"2022-06-22T09:41:00+00:00\",\"dateModified\":\"2023-09-27T11:33:29+00:00\",\"mainEntityOfPage\":{\"@id\":\"https:\\\/\\\/www.voelkel-re.de\\\/volkel-vermittelt-mit-kaufland-den-neuen-ankermieter-im-kauf-park-gottingen\\\/\"},\"wordCount\":233,\"publisher\":{\"@id\":\"https:\\\/\\\/www.voelkel-re.de\\\/#organization\"},\"image\":{\"@id\":\"https:\\\/\\\/www.voelkel-re.de\\\/volkel-vermittelt-mit-kaufland-den-neuen-ankermieter-im-kauf-park-gottingen\\\/#primaryimage\"},\"thumbnailUrl\":\"https:\\\/\\\/www.voelkel-re.de\\\/wp-content\\\/uploads\\\/voelkel_real-estate-consulting-header.jpg\",\"articleSection\":[\"Unkategorisiert\"],\"inLanguage\":\"en-US\"},{\"@type\":\"WebPage\",\"@id\":\"https:\\\/\\\/www.voelkel-re.de\\\/volkel-vermittelt-mit-kaufland-den-neuen-ankermieter-im-kauf-park-gottingen\\\/\",\"url\":\"https:\\\/\\\/www.voelkel-re.de\\\/volkel-vermittelt-mit-kaufland-den-neuen-ankermieter-im-kauf-park-gottingen\\\/\",\"name\":\"V\u00d6LKEL vermittelt mit Kaufland den neuen Ankermieter im Kauf Park G\u00f6ttingen\u00a0 - V\u00d6LKEL Real Estate | Hamburg\",\"isPartOf\":{\"@id\":\"https:\\\/\\\/www.voelkel-re.de\\\/#website\"},\"primaryImageOfPage\":{\"@id\":\"https:\\\/\\\/www.voelkel-re.de\\\/volkel-vermittelt-mit-kaufland-den-neuen-ankermieter-im-kauf-park-gottingen\\\/#primaryimage\"},\"image\":{\"@id\":\"https:\\\/\\\/www.voelkel-re.de\\\/volkel-vermittelt-mit-kaufland-den-neuen-ankermieter-im-kauf-park-gottingen\\\/#primaryimage\"},\"thumbnailUrl\":\"https:\\\/\\\/www.voelkel-re.de\\\/wp-content\\\/uploads\\\/voelkel_real-estate-consulting-header.jpg\",\"datePublished\":\"2022-06-22T09:41:00+00:00\",\"dateModified\":\"2023-09-27T11:33:29+00:00\",\"breadcrumb\":{\"@id\":\"https:\\\/\\\/www.voelkel-re.de\\\/volkel-vermittelt-mit-kaufland-den-neuen-ankermieter-im-kauf-park-gottingen\\\/#breadcrumb\"},\"inLanguage\":\"en-US\",\"potentialAction\":[{\"@type\":\"ReadAction\",\"target\":[\"https:\\\/\\\/www.voelkel-re.de\\\/volkel-vermittelt-mit-kaufland-den-neuen-ankermieter-im-kauf-park-gottingen\\\/\"]}]},{\"@type\":\"ImageObject\",\"inLanguage\":\"en-US\",\"@id\":\"https:\\\/\\\/www.voelkel-re.de\\\/volkel-vermittelt-mit-kaufland-den-neuen-ankermieter-im-kauf-park-gottingen\\\/#primaryimage\",\"url\":\"https:\\\/\\\/www.voelkel-re.de\\\/wp-content\\\/uploads\\\/voelkel_real-estate-consulting-header.jpg\",\"contentUrl\":\"https:\\\/\\\/www.voelkel-re.de\\\/wp-content\\\/uploads\\\/voelkel_real-estate-consulting-header.jpg\",\"width\":1400,\"height\":1050,\"caption\":\"V\u00d6LKEL Real Estate Consulting Hamburg\"},{\"@type\":\"BreadcrumbList\",\"@id\":\"https:\\\/\\\/www.voelkel-re.de\\\/volkel-vermittelt-mit-kaufland-den-neuen-ankermieter-im-kauf-park-gottingen\\\/#breadcrumb\",\"itemListElement\":[{\"@type\":\"ListItem\",\"position\":1,\"name\":\"Startseite\",\"item\":\"https:\\\/\\\/www.voelkel-re.de\\\/en\\\/\"},{\"@type\":\"ListItem\",\"position\":2,\"name\":\"V\u00d6LKEL vermittelt mit Kaufland den neuen Ankermieter im Kauf Park G\u00f6ttingen\u00a0\"}]},{\"@type\":\"WebSite\",\"@id\":\"https:\\\/\\\/www.voelkel-re.de\\\/#website\",\"url\":\"https:\\\/\\\/www.voelkel-re.de\\\/\",\"name\":\"V\u00d6LKEL Real Estate | Hamburg\",\"description\":\"Immobiliendienstleistungen f\u00fcr Handels- und Gewerbeimmobilien\",\"publisher\":{\"@id\":\"https:\\\/\\\/www.voelkel-re.de\\\/#organization\"},\"potentialAction\":[{\"@type\":\"SearchAction\",\"target\":{\"@type\":\"EntryPoint\",\"urlTemplate\":\"https:\\\/\\\/www.voelkel-re.de\\\/?s={search_term_string}\"},\"query-input\":{\"@type\":\"PropertyValueSpecification\",\"valueRequired\":true,\"valueName\":\"search_term_string\"}}],\"inLanguage\":\"en-US\"},{\"@type\":\"Organization\",\"@id\":\"https:\\\/\\\/www.voelkel-re.de\\\/#organization\",\"name\":\"V\u00d6LKEL Real Estate | Hamburg\",\"url\":\"https:\\\/\\\/www.voelkel-re.de\\\/\",\"logo\":{\"@type\":\"ImageObject\",\"inLanguage\":\"en-US\",\"@id\":\"https:\\\/\\\/www.voelkel-re.de\\\/#\\\/schema\\\/logo\\\/image\\\/\",\"url\":\"https:\\\/\\\/www.voelkel-re.de\\\/wp-content\\\/uploads\\\/VOELKEL-Logo.jpg\",\"contentUrl\":\"https:\\\/\\\/www.voelkel-re.de\\\/wp-content\\\/uploads\\\/VOELKEL-Logo.jpg\",\"width\":1600,\"height\":900,\"caption\":\"V\u00d6LKEL Real Estate | Hamburg\"},\"image\":{\"@id\":\"https:\\\/\\\/www.voelkel-re.de\\\/#\\\/schema\\\/logo\\\/image\\\/\"},\"sameAs\":[\"https:\\\/\\\/de.linkedin.com\\\/company\\\/voelkel-real-estate\"]},{\"@type\":\"Person\",\"@id\":\"https:\\\/\\\/www.voelkel-re.de\\\/#\\\/schema\\\/person\\\/ad4855ee39b201e694a5b875a91aef22\",\"name\":\"MichaelErbe\",\"sameAs\":[\"http:\\\/\\\/build.voelkel-re.de\"],\"url\":\"https:\\\/\\\/www.voelkel-re.de\\\/en\\\/author\\\/michaelerbe\\\/\"}]}<\/script>\n<!-- \/ Yoast SEO plugin. -->","yoast_head_json":{"title":"V\u00d6LKEL vermittelt mit Kaufland den neuen Ankermieter im Kauf Park G\u00f6ttingen\u00a0 - V\u00d6LKEL Real Estate | Hamburg","robots":{"index":"index","follow":"follow","max-snippet":"max-snippet:-1","max-image-preview":"max-image-preview:large","max-video-preview":"max-video-preview:-1"},"canonical":"https:\/\/www.voelkel-re.de\/volkel-vermittelt-mit-kaufland-den-neuen-ankermieter-im-kauf-park-gottingen\/","og_locale":"en_US","og_type":"article","og_title":"V\u00d6LKEL vermittelt mit Kaufland den neuen Ankermieter im Kauf Park G\u00f6ttingen\u00a0 - V\u00d6LKEL Real Estate | Hamburg","og_description":"V\u00d6LKEL Real Estate pr\u00e4sentiert mit Kaufland den neuen Ankermieter f\u00fcr die Nachnutzung des Real-SB-Warenhauses im Kauf Park G\u00f6ttingen. Kaufland wird am 29. Juni seine Tore auf rund 6.000 Quadratmetern \u00f6ffnen.&nbsp; Zufrieden \u00fcber den neuen Mieter \u00e4u\u00dfert sich R\u00fcdiger Hampe, Gesch\u00e4ftsf\u00fchrer der V\u00f6lkel Real Estate GmbH: \u201eNach zwei Jahren intensiver Arbeit freuen wir uns \u00fcber das [&hellip;]","og_url":"https:\/\/www.voelkel-re.de\/volkel-vermittelt-mit-kaufland-den-neuen-ankermieter-im-kauf-park-gottingen\/","og_site_name":"V\u00d6LKEL Real Estate | Hamburg","article_published_time":"2022-06-22T09:41:00+00:00","article_modified_time":"2023-09-27T11:33:29+00:00","og_image":[{"width":1400,"height":1050,"url":"https:\/\/www.voelkel-re.de\/wp-content\/uploads\/voelkel_real-estate-consulting-header.jpg","type":"image\/jpeg"}],"author":"MichaelErbe","twitter_card":"summary_large_image","twitter_misc":{"Written by":"MichaelErbe","Est. reading time":"2 minutes"},"schema":{"@context":"https:\/\/schema.org","@graph":[{"@type":"Article","@id":"https:\/\/www.voelkel-re.de\/volkel-vermittelt-mit-kaufland-den-neuen-ankermieter-im-kauf-park-gottingen\/#article","isPartOf":{"@id":"https:\/\/www.voelkel-re.de\/volkel-vermittelt-mit-kaufland-den-neuen-ankermieter-im-kauf-park-gottingen\/"},"author":{"name":"MichaelErbe","@id":"https:\/\/www.voelkel-re.de\/#\/schema\/person\/ad4855ee39b201e694a5b875a91aef22"},"headline":"V\u00d6LKEL vermittelt mit Kaufland den neuen Ankermieter im Kauf Park G\u00f6ttingen\u00a0","datePublished":"2022-06-22T09:41:00+00:00","dateModified":"2023-09-27T11:33:29+00:00","mainEntityOfPage":{"@id":"https:\/\/www.voelkel-re.de\/volkel-vermittelt-mit-kaufland-den-neuen-ankermieter-im-kauf-park-gottingen\/"},"wordCount":233,"publisher":{"@id":"https:\/\/www.voelkel-re.de\/#organization"},"image":{"@id":"https:\/\/www.voelkel-re.de\/volkel-vermittelt-mit-kaufland-den-neuen-ankermieter-im-kauf-park-gottingen\/#primaryimage"},"thumbnailUrl":"https:\/\/www.voelkel-re.de\/wp-content\/uploads\/voelkel_real-estate-consulting-header.jpg","articleSection":["Unkategorisiert"],"inLanguage":"en-US"},{"@type":"WebPage","@id":"https:\/\/www.voelkel-re.de\/volkel-vermittelt-mit-kaufland-den-neuen-ankermieter-im-kauf-park-gottingen\/","url":"https:\/\/www.voelkel-re.de\/volkel-vermittelt-mit-kaufland-den-neuen-ankermieter-im-kauf-park-gottingen\/","name":"V\u00d6LKEL vermittelt mit Kaufland den neuen Ankermieter im Kauf Park G\u00f6ttingen\u00a0 - V\u00d6LKEL Real Estate | Hamburg","isPartOf":{"@id":"https:\/\/www.voelkel-re.de\/#website"},"primaryImageOfPage":{"@id":"https:\/\/www.voelkel-re.de\/volkel-vermittelt-mit-kaufland-den-neuen-ankermieter-im-kauf-park-gottingen\/#primaryimage"},"image":{"@id":"https:\/\/www.voelkel-re.de\/volkel-vermittelt-mit-kaufland-den-neuen-ankermieter-im-kauf-park-gottingen\/#primaryimage"},"thumbnailUrl":"https:\/\/www.voelkel-re.de\/wp-content\/uploads\/voelkel_real-estate-consulting-header.jpg","datePublished":"2022-06-22T09:41:00+00:00","dateModified":"2023-09-27T11:33:29+00:00","breadcrumb":{"@id":"https:\/\/www.voelkel-re.de\/volkel-vermittelt-mit-kaufland-den-neuen-ankermieter-im-kauf-park-gottingen\/#breadcrumb"},"inLanguage":"en-US","potentialAction":[{"@type":"ReadAction","target":["https:\/\/www.voelkel-re.de\/volkel-vermittelt-mit-kaufland-den-neuen-ankermieter-im-kauf-park-gottingen\/"]}]},{"@type":"ImageObject","inLanguage":"en-US","@id":"https:\/\/www.voelkel-re.de\/volkel-vermittelt-mit-kaufland-den-neuen-ankermieter-im-kauf-park-gottingen\/#primaryimage","url":"https:\/\/www.voelkel-re.de\/wp-content\/uploads\/voelkel_real-estate-consulting-header.jpg","contentUrl":"https:\/\/www.voelkel-re.de\/wp-content\/uploads\/voelkel_real-estate-consulting-header.jpg","width":1400,"height":1050,"caption":"V\u00d6LKEL Real Estate Consulting Hamburg"},{"@type":"BreadcrumbList","@id":"https:\/\/www.voelkel-re.de\/volkel-vermittelt-mit-kaufland-den-neuen-ankermieter-im-kauf-park-gottingen\/#breadcrumb","itemListElement":[{"@type":"ListItem","position":1,"name":"Startseite","item":"https:\/\/www.voelkel-re.de\/en\/"},{"@type":"ListItem","position":2,"name":"V\u00d6LKEL vermittelt mit Kaufland den neuen Ankermieter im Kauf Park G\u00f6ttingen\u00a0"}]},{"@type":"WebSite","@id":"https:\/\/www.voelkel-re.de\/#website","url":"https:\/\/www.voelkel-re.de\/","name":"V\u00d6LKEL Real Estate | Hamburg","description":"Immobiliendienstleistungen f\u00fcr Handels- und Gewerbeimmobilien","publisher":{"@id":"https:\/\/www.voelkel-re.de\/#organization"},"potentialAction":[{"@type":"SearchAction","target":{"@type":"EntryPoint","urlTemplate":"https:\/\/www.voelkel-re.de\/?s={search_term_string}"},"query-input":{"@type":"PropertyValueSpecification","valueRequired":true,"valueName":"search_term_string"}}],"inLanguage":"en-US"},{"@type":"Organization","@id":"https:\/\/www.voelkel-re.de\/#organization","name":"V\u00d6LKEL Real Estate | Hamburg","url":"https:\/\/www.voelkel-re.de\/","logo":{"@type":"ImageObject","inLanguage":"en-US","@id":"https:\/\/www.voelkel-re.de\/#\/schema\/logo\/image\/","url":"https:\/\/www.voelkel-re.de\/wp-content\/uploads\/VOELKEL-Logo.jpg","contentUrl":"https:\/\/www.voelkel-re.de\/wp-content\/uploads\/VOELKEL-Logo.jpg","width":1600,"height":900,"caption":"V\u00d6LKEL Real Estate | Hamburg"},"image":{"@id":"https:\/\/www.voelkel-re.de\/#\/schema\/logo\/image\/"},"sameAs":["https:\/\/de.linkedin.com\/company\/voelkel-real-estate"]},{"@type":"Person","@id":"https:\/\/www.voelkel-re.de\/#\/schema\/person\/ad4855ee39b201e694a5b875a91aef22","name":"MichaelErbe","sameAs":["http:\/\/build.voelkel-re.de"],"url":"https:\/\/www.voelkel-re.de\/en\/author\/michaelerbe\/"}]}},"_links":{"self":[{"href":"https:\/\/www.voelkel-re.de\/en\/wp-json\/wp\/v2\/posts\/1769","targetHints":{"allow":["GET"]}}],"collection":[{"href":"https:\/\/www.voelkel-re.de\/en\/wp-json\/wp\/v2\/posts"}],"about":[{"href":"https:\/\/www.voelkel-re.de\/en\/wp-json\/wp\/v2\/types\/post"}],"author":[{"embeddable":true,"href":"https:\/\/www.voelkel-re.de\/en\/wp-json\/wp\/v2\/users\/1"}],"replies":[{"embeddable":true,"href":"https:\/\/www.voelkel-re.de\/en\/wp-json\/wp\/v2\/comments?post=1769"}],"version-history":[{"count":3,"href":"https:\/\/www.voelkel-re.de\/en\/wp-json\/wp\/v2\/posts\/1769\/revisions"}],"predecessor-version":[{"id":2611,"href":"https:\/\/www.voelkel-re.de\/en\/wp-json\/wp\/v2\/posts\/1769\/revisions\/2611"}],"wp:featuredmedia":[{"embeddable":true,"href":"https:\/\/www.voelkel-re.de\/en\/wp-json\/wp\/v2\/media\/1527"}],"wp:attachment":[{"href":"https:\/\/www.voelkel-re.de\/en\/wp-json\/wp\/v2\/media?parent=1769"}],"wp:term":[{"taxonomy":"category","embeddable":true,"href":"https:\/\/www.voelkel-re.de\/en\/wp-json\/wp\/v2\/categories?post=1769"},{"taxonomy":"post_tag","embeddable":true,"href":"https:\/\/www.voelkel-re.de\/en\/wp-json\/wp\/v2\/tags?post=1769"}],"curies":[{"name":"wp","href":"https:\/\/api.w.org\/{rel}","templated":true}]}}